{"id":58039,"date":"2024-08-27T16:52:54","date_gmt":"2024-08-27T22:52:54","guid":{"rendered":"https:\/\/encuentroinformativo.com.mx\/?p=58039"},"modified":"2024-08-27T16:52:58","modified_gmt":"2024-08-27T22:52:58","slug":"ante-arribo-de-reliquias-de-san-judas-tadeo-coadyuva-ayuntamiento-con-iglesia","status":"publish","type":"post","link":"https:\/\/encuentroinformativo.com.mx\/?p=58039","title":{"rendered":"Ante arribo de reliquias de San Judas Tadeo, coadyuva Ayuntamiento con Iglesia"},"content":{"rendered":"\n<p><strong>Dar\u00edo Pale <\/strong><\/p>\n\n\n\n<p>Xalapa, Ver.- Se otorgar\u00e1 todo el respaldo a la Iglesia durante la estancia de la reliquia de San Judas Tadeo, en la capital del estado y se est\u00e1 coadyuvando con el gobierno del estado para la realizaci\u00f3n de las fiestas patrias, as\u00ed lo dio a conocer el presidente municipal Ricardo Ahued Bardahuil.<\/p>\n\n\n\n<p>En entrevista dio a conocer que, se llev\u00f3 a cabo una reuni\u00f3n de trabajo con autoridades de la Arquidi\u00f3cesis de Xalapa para definir la log\u00edstica de coordinaci\u00f3n en el marco de la peregrinaci\u00f3n de la reliquia de San Judas Tadeo.<\/p>\n\n\n\n<p>&#8220;Ya se hizo una reuni\u00f3n, se est\u00e1n realizando otras y estamos trabajando para apoyar desde luego la log\u00edstica; nos pidieron unos sanitarios (m\u00f3viles)\u201d, se\u00f1al\u00f3.<\/p>\n\n\n\n<p>Refiri\u00f3 que el personal del Ayuntamiento estar\u00e1 pendiente del desarrollo de las actividades para el apoyo adicional que se requiera.<\/p>\n\n\n\n<p>\u201cEstaremos atentos desde la madrugada (del 2 de septiembre); la gente que llegue ser\u00e1 atendida, se dar\u00e1n desde luego todas las facilidades y el cuidado que se requiere para coordinar los esfuerzos en Tr\u00e1nsito, Protecci\u00f3n Civil y atenci\u00f3n m\u00e9dica&#8221;, coment\u00f3.<\/p>\n\n\n\n<p>Al respecto reconoci\u00f3 que habr\u00e1 una alta afluencia de feligreses que se concentrar\u00e1n en la capital del estado.<\/p>\n\n\n\n<p>&#8220;Esto en el centro de la ciudad y en las colonias como el Sumidero y otras y vamos a tratar de apoyar&#8221;, coment\u00f3.<\/p>\n\n\n\n<p>La reliquia estar\u00e1 en esta Di\u00f3cesis del 2 al 8 de septiembre, peregrinar\u00e1 por distintos municipios de la regi\u00f3n.<\/p>\n\n\n\n<p>Ser\u00e1 recibida en Altotonga, posteriormente en Perote, Alto Lucero, Cosautl\u00e1n y finalmente llegar\u00e1 a Xalapa; estar\u00e1 dos d\u00edas en la Catedral Metropolitana y uno en la Parroquia de San Judas Tadeo, en la colonia Campo de Tiro.<\/p>\n\n\n\n<p>En otro orden de ideas sobre los preparativos por las fiestas patrias en la ciudad, Ahued Bardahuil dio a conocer que estas acciones son mayormente de Gobierno del Estado, sin embargo, se coadyuvar\u00e1 en las labores que se asignen.<\/p>\n\n\n\n<p>Finalmente se\u00f1al\u00f3, &#8220;ya se est\u00e1n coordinando para los eventos c\u00edvicos con Gobierno del Estado; Protecci\u00f3n Civil va a participar en las reuniones para los trabajos que nos encomienden en coordinaci\u00f3n total con las actividades del estado&#8221;.<\/p>\n","protected":false},"excerpt":{"rendered":"<p>Dar\u00edo Pale Xalapa, Ver.- Se otorgar\u00e1 todo el respaldo a la Iglesia durante la estancia de la reliquia de San Judas Tadeo, en la capital del estado y se est\u00e1 coadyuvando con el gobierno del estado para la realizaci\u00f3n de las fiestas patrias, as\u00ed lo dio a conocer el presidente municipal Ricardo Ahued Bardahuil. En [&hellip;]<\/p>\n","protected":false},"author":2476,"featured_media":58042,"comment_status":"open","ping_status":"open","sticky":false,"template":"","format":"standard","meta":{"_jetpack_memberships_contains_paid_content":false,"footnotes":""},"categories":[3],"tags":[],"class_list":["post-58039","post","type-post","status-publish","format-standard","has-post-thumbnail","hentry","category-xalapa"],"jetpack_featured_media_url":"https:\/\/encuentroinformativo.com.mx\/wp-content\/uploads\/2024\/08\/IMG-20240827-WA00592.jpg","jetpack_sharing_enabled":true,"jetpack_likes_enabled":true,"amp_enabled":true,"_links":{"self":[{"href":"https:\/\/encuentroinformativo.com.mx\/index.php?rest_route=\/wp\/v2\/posts\/58039","targetHints":{"allow":["GET"]}}],"collection":[{"href":"https:\/\/encuentroinformativo.com.mx\/index.php?rest_route=\/wp\/v2\/posts"}],"about":[{"href":"https:\/\/encuentroinformativo.com.mx\/index.php?rest_route=\/wp\/v2\/types\/post"}],"author":[{"embeddable":true,"href":"https:\/\/encuentroinformativo.com.mx\/index.php?rest_route=\/wp\/v2\/users\/2476"}],"replies":[{"embeddable":true,"href":"https:\/\/encuentroinformativo.com.mx\/index.php?rest_route=%2Fwp%2Fv2%2Fcomments&post=58039"}],"version-history":[{"count":1,"href":"https:\/\/encuentroinformativo.com.mx\/index.php?rest_route=\/wp\/v2\/posts\/58039\/revisions"}],"predecessor-version":[{"id":58041,"href":"https:\/\/encuentroinformativo.com.mx\/index.php?rest_route=\/wp\/v2\/posts\/58039\/revisions\/58041"}],"wp:featuredmedia":[{"embeddable":true,"href":"https:\/\/encuentroinformativo.com.mx\/index.php?rest_route=\/wp\/v2\/media\/58042"}],"wp:attachment":[{"href":"https:\/\/encuentroinformativo.com.mx\/index.php?rest_route=%2Fwp%2Fv2%2Fmedia&parent=58039"}],"wp:term":[{"taxonomy":"category","embeddable":true,"href":"https:\/\/encuentroinformativo.com.mx\/index.php?rest_route=%2Fwp%2Fv2%2Fcategories&post=58039"},{"taxonomy":"post_tag","embeddable":true,"href":"https:\/\/encuentroinformativo.com.mx\/index.php?rest_route=%2Fwp%2Fv2%2Ftags&post=58039"}],"curies":[{"name":"wp","href":"https:\/\/api.w.org\/{rel}","templated":true}]}}