{"id":58058,"date":"2024-08-28T13:19:20","date_gmt":"2024-08-28T19:19:20","guid":{"rendered":"https:\/\/encuentroinformativo.com.mx\/?p=58058"},"modified":"2024-08-28T13:19:25","modified_gmt":"2024-08-28T19:19:25","slug":"mantienen-marchas-contra-reforma-al-poder-judicial","status":"publish","type":"post","link":"https:\/\/encuentroinformativo.com.mx\/?p=58058","title":{"rendered":"Mantienen marchas contra Reforma al Poder Judicial"},"content":{"rendered":"\n<p><strong>Dar\u00edo Pale <\/strong><\/p>\n\n\n\n<p>Xalapa, Ver.- Marchan por las principales calles del centro de Xalapa y bloquean por unos minutos la calle de Enr\u00edquez los trabajadores del Poder Judicial para manifestarse en contra de la Reforma al Poder Judicial.<\/p>\n\n\n\n<p>Los inconformes refirieron que el Federalismo actual cree que las soluciones a los grandes problemas de justicia local, por lo menos en Veracruz, se resuelven en la justicia federal.<\/p>\n\n\n\n<p>Con distintas lonas y pancartas insistieron en que de aprobarse dicha reforma se acabar\u00e1 la independencia y autonom\u00eda del Poder Judicial al eliminar la carrera judicial.<\/p>\n\n\n\n<p>El magistrado de Circuito Jos\u00e9 de Jes\u00fas Arreola record\u00f3 que M\u00e9xico tiene un sistema de justicia penal adversarial, donde el acusado tiene que conocer qui\u00e9n lo acusa y qui\u00e9n lo va a juzgar, derecho de cualquier persona que reside en el pa\u00eds.<\/p>\n\n\n\n<p>&#8220;El sistema de justicia penal est\u00e1 creciendo, se ha capacitado a much\u00edsimas personas del sistema, hablamos desde el personal operativo hasta los propios juzgadores porque necesitamos a las mejores personas al frente de los juzgados que van a resolver sobre la libertad de una persona&#8221;, se\u00f1al\u00f3.<\/p>\n\n\n\n<p>El togado afirm\u00f3 que ellos no liberan delincuentes, parten de la premisa fundamental de que todos son inocentes hasta que no ocurre lo contrario.<\/p>\n\n\n\n<p>De manera que ah\u00ed, el Ministerio P\u00fablico debe cumplir con su obligaci\u00f3n constitucional de demostrar la culpabilidad de una persona, m\u00e1s all\u00e1 de toda duda razonable.<\/p>\n\n\n\n<p>De Jes\u00fas Arreola consider\u00f3 que la sociedad debe enterarse de lo que est\u00e1 pasando porque hay tribunales con personas que fue estrictamente capacitadas, de suerte que una reforma que pretende incorporar a cualquiera sin preparaci\u00f3n como una t\u00f3mbola, es un insulto a todos los juzgadores.<\/p>\n\n\n\n<p>&#8220;Porque ridiculizan nuestra funci\u00f3n, \u00bfentonces cualquier persona en una t\u00f3mbola podr\u00eda pilotear un avi\u00f3n?, \u00bfpodr\u00eda hacer una cirug\u00eda de coraz\u00f3n abierto?, no. Necesitamos personas preparadas&#8221;, sostuvo.<\/p>\n\n\n\n<p>Reconoci\u00f3 que esas personas preparadas requieren tener mejores ingresos econ\u00f3micos, que est\u00e9n todav\u00eda mejor preparadas y eso es lo que est\u00e1n buscando.<\/p>\n\n\n\n<p>El Magistrado sostuvo que el Poder Judicial de la Federaci\u00f3n ha cuidado la capacitaci\u00f3n a trav\u00e9s de la Escuela Federal de Formaci\u00f3n Judicial con capacitaci\u00f3n diaria, cursos permanentes para formar secretarios, actuarios, entre otros.<\/p>\n\n\n\n<p>Finalmente puntualiz\u00f3 que los jueces y magistrados que son designados son despu\u00e9s de un concurso en donde van las mejores personas, con los perfiles que responden a un principio constitucional y excelencia.<\/p>\n\n\n\n<figure class=\"wp-block-image size-large\"><img loading=\"lazy\" decoding=\"async\" width=\"1024\" height=\"768\" src=\"https:\/\/encuentroinformativo.com.mx\/wp-content\/uploads\/2024\/08\/1000372241-1024x768.jpg\" alt=\"\" class=\"wp-image-58060\" srcset=\"https:\/\/encuentroinformativo.com.mx\/wp-content\/uploads\/2024\/08\/1000372241-1024x768.jpg 1024w, https:\/\/encuentroinformativo.com.mx\/wp-content\/uploads\/2024\/08\/1000372241-300x225.jpg 300w, https:\/\/encuentroinformativo.com.mx\/wp-content\/uploads\/2024\/08\/1000372241-768x576.jpg 768w, https:\/\/encuentroinformativo.com.mx\/wp-content\/uploads\/2024\/08\/1000372241-1536x1152.jpg 1536w, https:\/\/encuentroinformativo.com.mx\/wp-content\/uploads\/2024\/08\/1000372241.jpg 1600w\" sizes=\"auto, (max-width: 1024px) 100vw, 1024px\" \/><\/figure>\n","protected":false},"excerpt":{"rendered":"<p>Dar\u00edo Pale Xalapa, Ver.- Marchan por las principales calles del centro de Xalapa y bloquean por unos minutos la calle de Enr\u00edquez los trabajadores del Poder Judicial para manifestarse en contra de la Reforma al Poder Judicial. Los inconformes refirieron que el Federalismo actual cree que las soluciones a los grandes problemas de justicia local, [&hellip;]<\/p>\n","protected":false},"author":2476,"featured_media":58059,"comment_status":"open","ping_status":"open","sticky":false,"template":"","format":"standard","meta":{"_jetpack_memberships_contains_paid_content":false,"footnotes":""},"categories":[3],"tags":[],"class_list":["post-58058","post","type-post","status-publish","format-standard","has-post-thumbnail","hentry","category-xalapa"],"jetpack_featured_media_url":"https:\/\/encuentroinformativo.com.mx\/wp-content\/uploads\/2024\/08\/IMG-20240828-WA0027.jpg","jetpack_sharing_enabled":true,"jetpack_likes_enabled":true,"amp_enabled":true,"_links":{"self":[{"href":"https:\/\/encuentroinformativo.com.mx\/index.php?rest_route=\/wp\/v2\/posts\/58058","targetHints":{"allow":["GET"]}}],"collection":[{"href":"https:\/\/encuentroinformativo.com.mx\/index.php?rest_route=\/wp\/v2\/posts"}],"about":[{"href":"https:\/\/encuentroinformativo.com.mx\/index.php?rest_route=\/wp\/v2\/types\/post"}],"author":[{"embeddable":true,"href":"https:\/\/encuentroinformativo.com.mx\/index.php?rest_route=\/wp\/v2\/users\/2476"}],"replies":[{"embeddable":true,"href":"https:\/\/encuentroinformativo.com.mx\/index.php?rest_route=%2Fwp%2Fv2%2Fcomments&post=58058"}],"version-history":[{"count":1,"href":"https:\/\/encuentroinformativo.com.mx\/index.php?rest_route=\/wp\/v2\/posts\/58058\/revisions"}],"predecessor-version":[{"id":58061,"href":"https:\/\/encuentroinformativo.com.mx\/index.php?rest_route=\/wp\/v2\/posts\/58058\/revisions\/58061"}],"wp:featuredmedia":[{"embeddable":true,"href":"https:\/\/encuentroinformativo.com.mx\/index.php?rest_route=\/wp\/v2\/media\/58059"}],"wp:attachment":[{"href":"https:\/\/encuentroinformativo.com.mx\/index.php?rest_route=%2Fwp%2Fv2%2Fmedia&parent=58058"}],"wp:term":[{"taxonomy":"category","embeddable":true,"href":"https:\/\/encuentroinformativo.com.mx\/index.php?rest_route=%2Fwp%2Fv2%2Fcategories&post=58058"},{"taxonomy":"post_tag","embeddable":true,"href":"https:\/\/encuentroinformativo.com.mx\/index.php?rest_route=%2Fwp%2Fv2%2Ftags&post=58058"}],"curies":[{"name":"wp","href":"https:\/\/api.w.org\/{rel}","templated":true}]}}