{"id":58071,"date":"2024-08-28T15:33:59","date_gmt":"2024-08-28T21:33:59","guid":{"rendered":"https:\/\/encuentroinformativo.com.mx\/?p=58071"},"modified":"2024-08-28T15:34:06","modified_gmt":"2024-08-28T21:34:06","slug":"estudiantes-y-directivos-piden-atender-acceso-de-la-normal-manuel-suarez","status":"publish","type":"post","link":"https:\/\/encuentroinformativo.com.mx\/?p=58071","title":{"rendered":"Estudiantes y directivos piden atender acceso de la Normal Manuel Su\u00e1rez"},"content":{"rendered":"\n<p><strong>Dar\u00edo Pale <\/strong><\/p>\n\n\n\n<p>Xalapa, Ver.- Alumnos y directivos de la Escuela Normal Superior Veracruzana \u201cDr. Manuel Su\u00e1rez Trujillo\u201d, denunciaron mediante una carta dirigida a la opini\u00f3n p\u00fablica que, debido a las fuertes lluvias que se han presentado en los \u00faltimos d\u00edas en la capital veracruzana, el acceso principal a la dicha escuela est\u00e1 a punto del deslave.<\/p>\n\n\n\n<p>En fotos que anexan al escrito se logra ver como el \u00fanico acceso, \u201cnuestra \u00fanica entrada oficial a la instituci\u00f3n\u201d, fue clausurada por Protecci\u00f3n Civil, al representar un riesgo para el personal y estudiantes que acuden diariamente a dicha Normal.<\/p>\n\n\n\n<p>Seg\u00fan datos, este acceso se encuentra as\u00ed desde el pasado mes de junio. Por lo anterior, el \u00fanico acceso alterno es una entrada trasera que no pertenece a la escuela.<\/p>\n\n\n\n<p>A continuaci\u00f3n la carta completa:<\/p>\n\n\n\n<p>Desde el pasado mes de junio del a\u00f1o presente, la temporada de lluvias afect\u00f3 de manera importante los terrenos que dan acceso a toda la comunidad de nuestra Escuela Normal Superior a la instituci\u00f3n, pues un deslave may\u00fasculo de tierra que gener\u00f3 un socav\u00f3n determin\u00f3 que Protecci\u00f3n Civil indicara la clausura de nuestra \u00fanica entrada oficial a la instituci\u00f3n, por el nivel de riesgo que implica utilizarlo.<\/p>\n\n\n\n<p>La entrada de escaleras, por Boulevard Culturas Veracruzanas, qued\u00f3 al borde del deslave, provocando su partitura al perder terreno en el que se cimentaba. Dada la situaci\u00f3n, el \u00fanico acceso alterno es una entrada trasera que no pertenece a la escuela, misma que desde todo el mes de julio y hasta el d\u00eda de hoy ha sido el \u00fanico acceso para llegar a nuestra instituci\u00f3n que est\u00e1 en condiciones poco transitables, adem\u00e1s, rodeada de maleza, algunos animales y no cuenta con alumbrado p\u00fablico, pese al horario nocturno de salida.<\/p>\n\n\n\n<p>Por esta situaci\u00f3n hacemos una invitaci\u00f3n a las autoridades y servidores p\u00fablicos a visitar las condiciones que viven las y los alumnos normalistas, las y los docentes de la instituci\u00f3n, administrativos, directivos y todo el personal de la Escuela Normal Superior Veracruzana \u201cDr. Manuel Su\u00e1rez Trujillo\u201d pues las y los alumnos nos sentimos totalmente vulnerables bajo las condiciones en que accedemos todos los d\u00edas para ejercer nuestro derecho a la educaci\u00f3n.<\/p>\n\n\n\n<p>Donde ya, alumnos y docentes han sufrido accidentes y se han sentido en peligro durante las salidas del turno vespertino por no existir alumbrado.<\/p>\n\n\n\n<p>En este \u201ccamino\u201d que NO es de la escuela, pues nunca se ha reconocido como nuestra entrada, no contamos con un acceso de emergencia digno o eficiente en caso de accidente o situaci\u00f3n de riesgo. Incluso los autom\u00f3viles tienen dif\u00edcil acceso por las condiciones en que se encuentra el terreno.<\/p>\n\n\n\n<p>Toda la comunidad estudiantil considera que su integridad f\u00edsica se ve atentada por estas condiciones no aptas e inseguras. Por eso, solicitamos la atenci\u00f3n a esta necesidad b\u00e1sica que es un acceso digno que asegure nuestra calidad educativa y de condiciones.<\/p>\n\n\n\n<p>Confiamos en la respuesta de aquellos en quienes adquirieron el compromiso p\u00fablico para atender las necesidades del pueblo.<\/p>\n\n\n\n<figure class=\"wp-block-image size-large\"><img loading=\"lazy\" decoding=\"async\" width=\"1024\" height=\"768\" src=\"https:\/\/encuentroinformativo.com.mx\/wp-content\/uploads\/2024\/08\/1000372398-1024x768.jpg\" alt=\"\" class=\"wp-image-58073\" srcset=\"https:\/\/encuentroinformativo.com.mx\/wp-content\/uploads\/2024\/08\/1000372398-1024x768.jpg 1024w, https:\/\/encuentroinformativo.com.mx\/wp-content\/uploads\/2024\/08\/1000372398-300x225.jpg 300w, https:\/\/encuentroinformativo.com.mx\/wp-content\/uploads\/2024\/08\/1000372398-768x576.jpg 768w, https:\/\/encuentroinformativo.com.mx\/wp-content\/uploads\/2024\/08\/1000372398-1536x1152.jpg 1536w, https:\/\/encuentroinformativo.com.mx\/wp-content\/uploads\/2024\/08\/1000372398.jpg 1600w\" sizes=\"auto, (max-width: 1024px) 100vw, 1024px\" \/><\/figure>\n","protected":false},"excerpt":{"rendered":"<p>Dar\u00edo Pale Xalapa, Ver.- Alumnos y directivos de la Escuela Normal Superior Veracruzana \u201cDr. Manuel Su\u00e1rez Trujillo\u201d, denunciaron mediante una carta dirigida a la opini\u00f3n p\u00fablica que, debido a las fuertes lluvias que se han presentado en los \u00faltimos d\u00edas en la capital veracruzana, el acceso principal a la dicha escuela est\u00e1 a punto del [&hellip;]<\/p>\n","protected":false},"author":2476,"featured_media":58072,"comment_status":"open","ping_status":"open","sticky":false,"template":"","format":"standard","meta":{"_jetpack_memberships_contains_paid_content":false,"footnotes":""},"categories":[3],"tags":[],"class_list":["post-58071","post","type-post","status-publish","format-standard","has-post-thumbnail","hentry","category-xalapa"],"jetpack_featured_media_url":"https:\/\/encuentroinformativo.com.mx\/wp-content\/uploads\/2024\/08\/IMG-20240828-WA0095.jpg","jetpack_sharing_enabled":true,"jetpack_likes_enabled":true,"amp_enabled":true,"_links":{"self":[{"href":"https:\/\/encuentroinformativo.com.mx\/index.php?rest_route=\/wp\/v2\/posts\/58071","targetHints":{"allow":["GET"]}}],"collection":[{"href":"https:\/\/encuentroinformativo.com.mx\/index.php?rest_route=\/wp\/v2\/posts"}],"about":[{"href":"https:\/\/encuentroinformativo.com.mx\/index.php?rest_route=\/wp\/v2\/types\/post"}],"author":[{"embeddable":true,"href":"https:\/\/encuentroinformativo.com.mx\/index.php?rest_route=\/wp\/v2\/users\/2476"}],"replies":[{"embeddable":true,"href":"https:\/\/encuentroinformativo.com.mx\/index.php?rest_route=%2Fwp%2Fv2%2Fcomments&post=58071"}],"version-history":[{"count":1,"href":"https:\/\/encuentroinformativo.com.mx\/index.php?rest_route=\/wp\/v2\/posts\/58071\/revisions"}],"predecessor-version":[{"id":58074,"href":"https:\/\/encuentroinformativo.com.mx\/index.php?rest_route=\/wp\/v2\/posts\/58071\/revisions\/58074"}],"wp:featuredmedia":[{"embeddable":true,"href":"https:\/\/encuentroinformativo.com.mx\/index.php?rest_route=\/wp\/v2\/media\/58072"}],"wp:attachment":[{"href":"https:\/\/encuentroinformativo.com.mx\/index.php?rest_route=%2Fwp%2Fv2%2Fmedia&parent=58071"}],"wp:term":[{"taxonomy":"category","embeddable":true,"href":"https:\/\/encuentroinformativo.com.mx\/index.php?rest_route=%2Fwp%2Fv2%2Fcategories&post=58071"},{"taxonomy":"post_tag","embeddable":true,"href":"https:\/\/encuentroinformativo.com.mx\/index.php?rest_route=%2Fwp%2Fv2%2Ftags&post=58071"}],"curies":[{"name":"wp","href":"https:\/\/api.w.org\/{rel}","templated":true}]}}