{"id":58078,"date":"2024-08-28T22:08:02","date_gmt":"2024-08-29T04:08:02","guid":{"rendered":"https:\/\/encuentroinformativo.com.mx\/?p=58078"},"modified":"2024-08-28T22:08:09","modified_gmt":"2024-08-29T04:08:09","slug":"inician-ciclo-escolar-370-personas-privadas-de-la-libertad-en-centros-de-reinsercion-social","status":"publish","type":"post","link":"https:\/\/encuentroinformativo.com.mx\/?p=58078","title":{"rendered":"Inician ciclo escolar 370 personas privadas de la libertad en Centros de Reinserci\u00f3n Social"},"content":{"rendered":"\n<p>Xalapa, Ver.- La Secretar\u00eda de Seguridad P\u00fablica a trav\u00e9s de la Direcci\u00f3n General de Prevenci\u00f3n y Reinserci\u00f3n Social, inicio el ciclo escolar de Tele bachillerato (2024-2025), en 12 Centros Penitenciarios.<\/p>\n\n\n\n<p>Cabe resaltar que 329 hombres y 41 mujeres privados de la libertad, debidamente matriculados, cursar\u00e1n los semestres de bachillerato a fin de continuar con sus estudios de manera formal y poder acceder a la educaci\u00f3n superior.<\/p>\n\n\n\n<p>Los centros de reinserci\u00f3n social que cuentan con este nivel de estudios son: Acayucan, Amatl\u00e1n de los Reyes, Coatzacoalcos, Cosamaloapan, Misantla, Pacho Viejo, Papantla, Poza Rica, San Andr\u00e9s Tuxtla, Tantoyuca, Tuxpan y Zongolica.<\/p>\n\n\n\n<p>Durante tres a\u00f1os, las personas en reclusi\u00f3n se preparar\u00e1n para obtener los conocimientos y herramientas necesarias que les permitan alcanzar mejores oportunidades laborales o continuar sus estudios de nivel superior, gracias a los convenios de colaboraci\u00f3n que la Secretar\u00eda de Seguridad Publica mantiene con las instituciones de educaci\u00f3n superior.<\/p>\n","protected":false},"excerpt":{"rendered":"<p>Xalapa, Ver.- La Secretar\u00eda de Seguridad P\u00fablica a trav\u00e9s de la Direcci\u00f3n General de Prevenci\u00f3n y Reinserci\u00f3n Social, inicio el ciclo escolar de Tele bachillerato (2024-2025), en 12 Centros Penitenciarios. Cabe resaltar que 329 hombres y 41 mujeres privados de la libertad, debidamente matriculados, cursar\u00e1n los semestres de bachillerato a fin de continuar con sus [&hellip;]<\/p>\n","protected":false},"author":2476,"featured_media":58079,"comment_status":"open","ping_status":"open","sticky":false,"template":"","format":"standard","meta":{"_jetpack_memberships_contains_paid_content":false,"footnotes":""},"categories":[2],"tags":[],"class_list":["post-58078","post","type-post","status-publish","format-standard","has-post-thumbnail","hentry","category-estado"],"jetpack_featured_media_url":"https:\/\/encuentroinformativo.com.mx\/wp-content\/uploads\/2024\/08\/IMG-20240828-WA0124.jpg","jetpack_sharing_enabled":true,"jetpack_likes_enabled":true,"amp_enabled":true,"_links":{"self":[{"href":"https:\/\/encuentroinformativo.com.mx\/index.php?rest_route=\/wp\/v2\/posts\/58078","targetHints":{"allow":["GET"]}}],"collection":[{"href":"https:\/\/encuentroinformativo.com.mx\/index.php?rest_route=\/wp\/v2\/posts"}],"about":[{"href":"https:\/\/encuentroinformativo.com.mx\/index.php?rest_route=\/wp\/v2\/types\/post"}],"author":[{"embeddable":true,"href":"https:\/\/encuentroinformativo.com.mx\/index.php?rest_route=\/wp\/v2\/users\/2476"}],"replies":[{"embeddable":true,"href":"https:\/\/encuentroinformativo.com.mx\/index.php?rest_route=%2Fwp%2Fv2%2Fcomments&post=58078"}],"version-history":[{"count":1,"href":"https:\/\/encuentroinformativo.com.mx\/index.php?rest_route=\/wp\/v2\/posts\/58078\/revisions"}],"predecessor-version":[{"id":58080,"href":"https:\/\/encuentroinformativo.com.mx\/index.php?rest_route=\/wp\/v2\/posts\/58078\/revisions\/58080"}],"wp:featuredmedia":[{"embeddable":true,"href":"https:\/\/encuentroinformativo.com.mx\/index.php?rest_route=\/wp\/v2\/media\/58079"}],"wp:attachment":[{"href":"https:\/\/encuentroinformativo.com.mx\/index.php?rest_route=%2Fwp%2Fv2%2Fmedia&parent=58078"}],"wp:term":[{"taxonomy":"category","embeddable":true,"href":"https:\/\/encuentroinformativo.com.mx\/index.php?rest_route=%2Fwp%2Fv2%2Fcategories&post=58078"},{"taxonomy":"post_tag","embeddable":true,"href":"https:\/\/encuentroinformativo.com.mx\/index.php?rest_route=%2Fwp%2Fv2%2Ftags&post=58078"}],"curies":[{"name":"wp","href":"https:\/\/api.w.org\/{rel}","templated":true}]}}