{"id":58091,"date":"2024-08-29T12:40:42","date_gmt":"2024-08-29T18:40:42","guid":{"rendered":"https:\/\/encuentroinformativo.com.mx\/?p=58091"},"modified":"2024-08-29T12:40:48","modified_gmt":"2024-08-29T18:40:48","slug":"ex-trabajadores-del-seguro-popular-inician-planton-en-salud","status":"publish","type":"post","link":"https:\/\/encuentroinformativo.com.mx\/?p=58091","title":{"rendered":"Ex trabajadores del Seguro Popular inician plant\u00f3n en Salud"},"content":{"rendered":"\n<p><strong>Dar\u00edo Pale <\/strong><\/p>\n\n\n\n<p>Xalapa, Ver.- Asciende a casi 70 mdp laudos a extrabajadores de Seguro Popular, por lo cual inician plant\u00f3n permanente afuera de la Secretar\u00eda de Salud, no impiden paso a trabajadores est\u00e1n de forma pac\u00edfica, as\u00ed lo dio a conocer el secretario general del Sindicato de los trabajadores del desaparecido r\u00e9gimen, \u00c1ngel Carrera Ram\u00edrez.<\/p>\n\n\n\n<p>En entrevista se\u00f1al\u00f3 que, el adeudo por laudos para los trabajadores despedidos del desaparecido R\u00e9gimen de Protecci\u00f3n Social en Salud, mejor conocido como Seguro Popular, asciende a m\u00e1s de 69 millones 870 mil pesos, que la Secretar\u00eda de Salud se niega a pagar.<\/p>\n\n\n\n<p>Este jueves, nuevamente los extrabajadores tomaron las oficinas centrales de la Secretar\u00eda de Salud para exigir el pago que la misma Secretar\u00eda del Trabajo ha requerido a los Servicios de Salud de Veracruz.<\/p>\n\n\n\n<p>Explic\u00f3 que ya cumplieron con todos los requerimientos que marca la Ley, &#8220;Incluso la Secretar\u00eda del Trabajo ha hecho dos requerimientos hacia la dependencia para poder cubrir los laudos ya ganados&#8221;.<\/p>\n\n\n\n<p>Dijo que esperar\u00edan a las autoridades de la Secretar\u00eda de Salud, pero indic\u00f3 que la preocupaci\u00f3n de los extrabajadores es que el sexenio est\u00e1 a punto de terminar.<\/p>\n\n\n\n<p>El riesgo es que los laudos se queden pendientes para la administraci\u00f3n de Roc\u00edo Nahle, lo que le provocar\u00eda un &#8220;descalabro&#8221; porque cada mes se siguen creando intereses de la mayor\u00eda de los expedientes.<\/p>\n\n\n\n<p>El l\u00edder sindical mencion\u00f3 que la gente requiere de esos recursos para pagar deudas que han ido acumulando, por lo que es indispensable que se sepa lo que est\u00e1 pasando.<\/p>\n\n\n\n<p>Refiri\u00f3 que despu\u00e9s de 7 a\u00f1os y 8 meses es desgastante y preocupante que no se les pague, por lo que exigen una respuesta.<\/p>\n\n\n\n<p>En ese sentido, advirti\u00f3 que no se mover\u00e1n de la Secretar\u00eda hasta que tengan una respuesta positiva, por ello fueron preparados para un plant\u00f3n definitivo.<\/p>\n\n\n\n<p>\u00c1ngel Carrera Ram\u00edrez record\u00f3 que la desaparici\u00f3n del R\u00e9gimen hizo que 127 trabajadores de todo el Estado se quedaran sin su sustento.<\/p>\n\n\n\n<p>Finalmente, aclar\u00f3 que s\u00ed hay paso para los trabajadores de la dependencia, s\u00f3lo est\u00e1n impidiendo el paso de los veh\u00edculos.<\/p>\n\n\n\n<figure class=\"wp-block-image size-large\"><img loading=\"lazy\" decoding=\"async\" width=\"1024\" height=\"576\" src=\"https:\/\/encuentroinformativo.com.mx\/wp-content\/uploads\/2024\/08\/1000373044-1024x576.jpg\" alt=\"\" class=\"wp-image-58093\" srcset=\"https:\/\/encuentroinformativo.com.mx\/wp-content\/uploads\/2024\/08\/1000373044-1024x576.jpg 1024w, https:\/\/encuentroinformativo.com.mx\/wp-content\/uploads\/2024\/08\/1000373044-300x169.jpg 300w, https:\/\/encuentroinformativo.com.mx\/wp-content\/uploads\/2024\/08\/1000373044-768x432.jpg 768w, https:\/\/encuentroinformativo.com.mx\/wp-content\/uploads\/2024\/08\/1000373044-1536x864.jpg 1536w, https:\/\/encuentroinformativo.com.mx\/wp-content\/uploads\/2024\/08\/1000373044.jpg 1600w\" sizes=\"auto, (max-width: 1024px) 100vw, 1024px\" \/><\/figure>\n","protected":false},"excerpt":{"rendered":"<p>Dar\u00edo Pale Xalapa, Ver.- Asciende a casi 70 mdp laudos a extrabajadores de Seguro Popular, por lo cual inician plant\u00f3n permanente afuera de la Secretar\u00eda de Salud, no impiden paso a trabajadores est\u00e1n de forma pac\u00edfica, as\u00ed lo dio a conocer el secretario general del Sindicato de los trabajadores del desaparecido r\u00e9gimen, \u00c1ngel Carrera Ram\u00edrez. [&hellip;]<\/p>\n","protected":false},"author":2476,"featured_media":58092,"comment_status":"open","ping_status":"open","sticky":false,"template":"","format":"standard","meta":{"_jetpack_memberships_contains_paid_content":false,"footnotes":""},"categories":[9],"tags":[],"class_list":["post-58091","post","type-post","status-publish","format-standard","has-post-thumbnail","hentry","category-salud"],"jetpack_featured_media_url":"https:\/\/encuentroinformativo.com.mx\/wp-content\/uploads\/2024\/08\/IMG-20240829-WA0055.jpg","jetpack_sharing_enabled":true,"jetpack_likes_enabled":true,"amp_enabled":true,"_links":{"self":[{"href":"https:\/\/encuentroinformativo.com.mx\/index.php?rest_route=\/wp\/v2\/posts\/58091","targetHints":{"allow":["GET"]}}],"collection":[{"href":"https:\/\/encuentroinformativo.com.mx\/index.php?rest_route=\/wp\/v2\/posts"}],"about":[{"href":"https:\/\/encuentroinformativo.com.mx\/index.php?rest_route=\/wp\/v2\/types\/post"}],"author":[{"embeddable":true,"href":"https:\/\/encuentroinformativo.com.mx\/index.php?rest_route=\/wp\/v2\/users\/2476"}],"replies":[{"embeddable":true,"href":"https:\/\/encuentroinformativo.com.mx\/index.php?rest_route=%2Fwp%2Fv2%2Fcomments&post=58091"}],"version-history":[{"count":1,"href":"https:\/\/encuentroinformativo.com.mx\/index.php?rest_route=\/wp\/v2\/posts\/58091\/revisions"}],"predecessor-version":[{"id":58094,"href":"https:\/\/encuentroinformativo.com.mx\/index.php?rest_route=\/wp\/v2\/posts\/58091\/revisions\/58094"}],"wp:featuredmedia":[{"embeddable":true,"href":"https:\/\/encuentroinformativo.com.mx\/index.php?rest_route=\/wp\/v2\/media\/58092"}],"wp:attachment":[{"href":"https:\/\/encuentroinformativo.com.mx\/index.php?rest_route=%2Fwp%2Fv2%2Fmedia&parent=58091"}],"wp:term":[{"taxonomy":"category","embeddable":true,"href":"https:\/\/encuentroinformativo.com.mx\/index.php?rest_route=%2Fwp%2Fv2%2Fcategories&post=58091"},{"taxonomy":"post_tag","embeddable":true,"href":"https:\/\/encuentroinformativo.com.mx\/index.php?rest_route=%2Fwp%2Fv2%2Ftags&post=58091"}],"curies":[{"name":"wp","href":"https:\/\/api.w.org\/{rel}","templated":true}]}}