{"id":58104,"date":"2024-08-29T20:41:52","date_gmt":"2024-08-30T02:41:52","guid":{"rendered":"https:\/\/encuentroinformativo.com.mx\/?p=58104"},"modified":"2024-08-29T20:41:59","modified_gmt":"2024-08-30T02:41:59","slug":"ac-celebro-dia-de-los-abuelos","status":"publish","type":"post","link":"https:\/\/encuentroinformativo.com.mx\/?p=58104","title":{"rendered":"AC celebr\u00f3 D\u00eda de los Abuelos"},"content":{"rendered":"\n<p><strong>Alejandro \u00c1vila<\/strong><\/p>\n\n\n\n<p>Veracruz, Ver.- Cada 28 de agosto se celebra el D\u00eda del Abuelo, una ocasi\u00f3n especial para rendir homenaje y reconocer el invaluable papel que juegan los abuelos en nuestras vidas, en ese tenor la Asociaci\u00f3n Civil, &#8220;Aprendiendo de Ellos&#8221;, realiz\u00f3 un festejo a m\u00e1s de 100 abuelitos de Veracruz, que incluyeron de asilos y casas asistenciales.<\/p>\n\n\n\n<p>De acuerdo con Sonia Guevara Morales, presidenta de la asociaci\u00f3n, el evento tiene como objetivo concientizar lo realizado por las personas de la tercera edad, ya que todo lo que se ha construido en el pa\u00eds, ha sido por ellos.<\/p>\n\n\n\n<p>&#8220;Este d\u00eda no solo es una oportunidad para expresar gratitud y amor hacia nuestros mayores, sino tambi\u00e9n para reflexionar sobre su contribuci\u00f3n a la familia y a la sociedad en general&#8221;, dijo.<\/p>\n\n\n\n<p>Se\u00f1al\u00f3 que, la figura del abuelo ha evolucionado a lo largo de las d\u00e9cadas, siendo tomados en cuenta para decisiones desde familiares hasta la de un pa\u00eds.<\/p>\n\n\n\n<p>&#8220;Hoy en d\u00eda, muchos abuelos est\u00e1n activamente involucrados en la vida cotidiana de sus nietos, participando en actividades escolares, deportivas y culturales.<\/p>\n\n\n\n<p>Dijo que el compromiso de nosotros es no solo fortalece los lazos familiares, sino que tambi\u00e9n ofrecer a los j\u00f3venes una fuente constante de apoyo emocional y gu\u00eda.<\/p>\n\n\n\n<p>&#8220;En un mundo en constante cambio, la estabilidad y el consejo de los abuelos se convierten en un recurso valioso&#8221;, dijo.<\/p>\n","protected":false},"excerpt":{"rendered":"<p>Alejandro \u00c1vila Veracruz, Ver.- Cada 28 de agosto se celebra el D\u00eda del Abuelo, una ocasi\u00f3n especial para rendir homenaje y reconocer el invaluable papel que juegan los abuelos en nuestras vidas, en ese tenor la Asociaci\u00f3n Civil, &#8220;Aprendiendo de Ellos&#8221;, realiz\u00f3 un festejo a m\u00e1s de 100 abuelitos de Veracruz, que incluyeron de asilos [&hellip;]<\/p>\n","protected":false},"author":2476,"featured_media":58105,"comment_status":"open","ping_status":"open","sticky":false,"template":"","format":"standard","meta":{"_jetpack_memberships_contains_paid_content":false,"footnotes":""},"categories":[2],"tags":[],"class_list":["post-58104","post","type-post","status-publish","format-standard","has-post-thumbnail","hentry","category-estado"],"jetpack_featured_media_url":"https:\/\/encuentroinformativo.com.mx\/wp-content\/uploads\/2024\/08\/IMG-20240829-WA0114.jpg","jetpack_sharing_enabled":true,"jetpack_likes_enabled":true,"amp_enabled":true,"_links":{"self":[{"href":"https:\/\/encuentroinformativo.com.mx\/index.php?rest_route=\/wp\/v2\/posts\/58104","targetHints":{"allow":["GET"]}}],"collection":[{"href":"https:\/\/encuentroinformativo.com.mx\/index.php?rest_route=\/wp\/v2\/posts"}],"about":[{"href":"https:\/\/encuentroinformativo.com.mx\/index.php?rest_route=\/wp\/v2\/types\/post"}],"author":[{"embeddable":true,"href":"https:\/\/encuentroinformativo.com.mx\/index.php?rest_route=\/wp\/v2\/users\/2476"}],"replies":[{"embeddable":true,"href":"https:\/\/encuentroinformativo.com.mx\/index.php?rest_route=%2Fwp%2Fv2%2Fcomments&post=58104"}],"version-history":[{"count":1,"href":"https:\/\/encuentroinformativo.com.mx\/index.php?rest_route=\/wp\/v2\/posts\/58104\/revisions"}],"predecessor-version":[{"id":58106,"href":"https:\/\/encuentroinformativo.com.mx\/index.php?rest_route=\/wp\/v2\/posts\/58104\/revisions\/58106"}],"wp:featuredmedia":[{"embeddable":true,"href":"https:\/\/encuentroinformativo.com.mx\/index.php?rest_route=\/wp\/v2\/media\/58105"}],"wp:attachment":[{"href":"https:\/\/encuentroinformativo.com.mx\/index.php?rest_route=%2Fwp%2Fv2%2Fmedia&parent=58104"}],"wp:term":[{"taxonomy":"category","embeddable":true,"href":"https:\/\/encuentroinformativo.com.mx\/index.php?rest_route=%2Fwp%2Fv2%2Fcategories&post=58104"},{"taxonomy":"post_tag","embeddable":true,"href":"https:\/\/encuentroinformativo.com.mx\/index.php?rest_route=%2Fwp%2Fv2%2Ftags&post=58104"}],"curies":[{"name":"wp","href":"https:\/\/api.w.org\/{rel}","templated":true}]}}