{"id":58112,"date":"2024-08-30T11:03:24","date_gmt":"2024-08-30T17:03:24","guid":{"rendered":"https:\/\/encuentroinformativo.com.mx\/?p=58112"},"modified":"2024-08-30T11:03:29","modified_gmt":"2024-08-30T17:03:29","slug":"trabajadores-de-rtv-acusan-falta-de-mantenimiento-en-instalaciones","status":"publish","type":"post","link":"https:\/\/encuentroinformativo.com.mx\/?p=58112","title":{"rendered":"Trabajadores de RTV acusan falta de mantenimiento en instalaciones"},"content":{"rendered":"\n<p><strong>Dar\u00edo Pale <\/strong><\/p>\n\n\n\n<p>Xalapa, Ver.- Trabajadores de Radio y Televisi\u00f3n d que Veracruz (RTV), denuncian abandono y falta de mantenimiento en administraci\u00f3n del gobernador Cuitl\u00e1huac Garc\u00eda Jim\u00e9nez, as\u00ed lo dio a conocer Gustavo Flores S\u00e1nchez.<\/p>\n\n\n\n<p>En conferencia de prensa los integrantes del Sindicato Integrador de Trabajadores al Servicio de Radiotelevisi\u00f3n de Veracruz (STSRTV), denunciaron que con base en testimonios, fallas en los protocolos de seguridad, de protecci\u00f3n, ello tras el fallecimiento del iluminador Abraham M\u00e1rquez Carmona.<\/p>\n\n\n\n<p>Denunci\u00f3 tambi\u00e9n la falta de mantenimiento e inversi\u00f3n en la renovaci\u00f3n de los equipos en general en los estudios de grabaci\u00f3n, veh\u00edculos, unidades m\u00f3viles, c\u00f3mputo, islas de edici\u00f3n de audio y video, entre otros.<\/p>\n\n\n\n<p>Al dar lectura a un posicionamiento, reprobaron en\u00e9rgicamente el abandono del que han sido objeto durante la actual administraci\u00f3n, en espera de que la direcci\u00f3n del canal informe sobre el presupuesto del 2024-2025.<\/p>\n\n\n\n<p>Se\u00f1al\u00f3 que al interior del canal hay un comit\u00e9 de protecci\u00f3n civil, pero desconocen por qu\u00e9 no hab\u00edan se\u00f1alado las diversas fallas.<\/p>\n\n\n\n<p>Durante la conferencia tambi\u00e9n estuvieron presentes integrantes del Sindicato, Rom\u00e1n Alarc\u00f3n Galindo, Guadalupe Quinto, Jos\u00e9 Manuel Hern\u00e1ndez Gabriel, Marco Hern\u00e1ndez Herrera y Cristhian Pale.<\/p>\n\n\n\n<p>Ah\u00ed, se inform\u00f3 que han acompa\u00f1ado a la familia de Abraham para que se le diera las prestaciones que corresponden por el fallecimiento y a sus deudos.<\/p>\n\n\n\n<p>Los representante del Sindicato reconocieron que hab\u00edan pensado en solicitar la renuncia del director, sin embargo, consideraron que lo primero es apoyar a la familia de Abraham, as\u00ed como exigir que se mantengan las prestaciones que define el convenio de singularidad.<\/p>\n\n\n\n<p>Finalmente respecto de la protesta del pr\u00f3ximo lunes, indicaron que no estar\u00e1n presentes como sindicato, pero apoyar\u00e1n como trabajadores.<\/p>\n","protected":false},"excerpt":{"rendered":"<p>Dar\u00edo Pale Xalapa, Ver.- Trabajadores de Radio y Televisi\u00f3n d que Veracruz (RTV), denuncian abandono y falta de mantenimiento en administraci\u00f3n del gobernador Cuitl\u00e1huac Garc\u00eda Jim\u00e9nez, as\u00ed lo dio a conocer Gustavo Flores S\u00e1nchez. En conferencia de prensa los integrantes del Sindicato Integrador de Trabajadores al Servicio de Radiotelevisi\u00f3n de Veracruz (STSRTV), denunciaron que con [&hellip;]<\/p>\n","protected":false},"author":2476,"featured_media":58113,"comment_status":"open","ping_status":"open","sticky":false,"template":"","format":"standard","meta":{"_jetpack_memberships_contains_paid_content":false,"footnotes":""},"categories":[3],"tags":[],"class_list":["post-58112","post","type-post","status-publish","format-standard","has-post-thumbnail","hentry","category-xalapa"],"jetpack_featured_media_url":"https:\/\/encuentroinformativo.com.mx\/wp-content\/uploads\/2024\/08\/IMG-20240830-WA0009.jpg","jetpack_sharing_enabled":true,"jetpack_likes_enabled":true,"amp_enabled":true,"_links":{"self":[{"href":"https:\/\/encuentroinformativo.com.mx\/index.php?rest_route=\/wp\/v2\/posts\/58112","targetHints":{"allow":["GET"]}}],"collection":[{"href":"https:\/\/encuentroinformativo.com.mx\/index.php?rest_route=\/wp\/v2\/posts"}],"about":[{"href":"https:\/\/encuentroinformativo.com.mx\/index.php?rest_route=\/wp\/v2\/types\/post"}],"author":[{"embeddable":true,"href":"https:\/\/encuentroinformativo.com.mx\/index.php?rest_route=\/wp\/v2\/users\/2476"}],"replies":[{"embeddable":true,"href":"https:\/\/encuentroinformativo.com.mx\/index.php?rest_route=%2Fwp%2Fv2%2Fcomments&post=58112"}],"version-history":[{"count":1,"href":"https:\/\/encuentroinformativo.com.mx\/index.php?rest_route=\/wp\/v2\/posts\/58112\/revisions"}],"predecessor-version":[{"id":58114,"href":"https:\/\/encuentroinformativo.com.mx\/index.php?rest_route=\/wp\/v2\/posts\/58112\/revisions\/58114"}],"wp:featuredmedia":[{"embeddable":true,"href":"https:\/\/encuentroinformativo.com.mx\/index.php?rest_route=\/wp\/v2\/media\/58113"}],"wp:attachment":[{"href":"https:\/\/encuentroinformativo.com.mx\/index.php?rest_route=%2Fwp%2Fv2%2Fmedia&parent=58112"}],"wp:term":[{"taxonomy":"category","embeddable":true,"href":"https:\/\/encuentroinformativo.com.mx\/index.php?rest_route=%2Fwp%2Fv2%2Fcategories&post=58112"},{"taxonomy":"post_tag","embeddable":true,"href":"https:\/\/encuentroinformativo.com.mx\/index.php?rest_route=%2Fwp%2Fv2%2Ftags&post=58112"}],"curies":[{"name":"wp","href":"https:\/\/api.w.org\/{rel}","templated":true}]}}