{"id":58121,"date":"2024-08-30T13:14:54","date_gmt":"2024-08-30T19:14:54","guid":{"rendered":"https:\/\/encuentroinformativo.com.mx\/?p=58121"},"modified":"2024-08-30T13:15:00","modified_gmt":"2024-08-30T19:15:00","slug":"autoridades-indolentes-ante-desaparecidos-acusan-colectivos","status":"publish","type":"post","link":"https:\/\/encuentroinformativo.com.mx\/?p=58121","title":{"rendered":"Autoridades indolentes ante desaparecidos, acusan Colectivos"},"content":{"rendered":"\n<p><strong>Dar\u00edo Pale <\/strong><\/p>\n\n\n\n<p>Xalapa, Ver.- M\u00e1s de 2 mil v\u00edctimas de desaparici\u00f3n forzada en Veracruz, en 14 a\u00f1os, el Gobernador Cuitl\u00e1huac Garc\u00eda ha demostrado que no le import\u00f3 el tema, es indolente y otras cosas, as\u00ed lo dio a conocer Mar\u00eda Elena Guti\u00e9rrez, del colectivo Buscando a nuestros desaparecidos y desaparecidas Veracruz.<\/p>\n\n\n\n<p>En entrevista se\u00f1al\u00f3 que, hasta el d\u00eda de ayer jueves, en Veracruz existen m\u00e1s de 2 mil personas que han sido v\u00edctimas del delito de desaparici\u00f3n forzada, de 2010 a la fecha, record\u00f3 que en toda la Rep\u00fablica Mexicana se presentan 25 desapariciones al d\u00eda de cero a 17 a\u00f1os de edad.<\/p>\n\n\n\n<p>Durante una rodada por la solidaridad &#8220;\u00bfEn d\u00f3nde est\u00e1n?&#8221;, mencion\u00f3 que ninguna de las carpetas de investigaci\u00f3n que lleva a cabo la Fiscal\u00eda General del Estado tienen contexto de c\u00f3mo o cu\u00e1ndo ocurrieron.<\/p>\n\n\n\n<p>&#8220;No hay ning\u00fan desaparecido que ya haya entregado de los colectivos que nosotros conocemos&#8221;, se\u00f1al\u00f3.<\/p>\n\n\n\n<p>Al recordar que este es el D\u00eda Internacional del Desaparecido, manifest\u00f3 que en la mayor\u00eda de esos m\u00e1s de 2 mil casos est\u00e1n involucrados elementos de la Polic\u00eda Estatal.<\/p>\n\n\n\n<p>&#8220;La mayor\u00eda, yo no estoy diciendo que todos, pero s\u00ed la mayor\u00eda son desaparecidos por la Polic\u00eda. Se llama desaparici\u00f3n forzada porque es el Estado el que manda a desaparecer&#8221;, se\u00f1al\u00f3 y enfatiz\u00f3 que un gran n\u00famero de esos, son de larga data.<\/p>\n\n\n\n<p>La representante del Colectivo expuso que en el grupo hay casos recientes, de la administraci\u00f3n de Cuitl\u00e1huac Garc\u00eda Jim\u00e9nez, de uno o dos a\u00f1os atr\u00e1s.<\/p>\n\n\n\n<p>&#8220;La desapariciones siguen&#8230; (Cuitl\u00e1huac) demostr\u00f3 que es un gobernador in\u00fatil, inepto, indolente que no ha hecho nada ni por los desaparecidos y desaparecidos ni por el estado de Veracruz. Parece que no tuvimos un gobernador en este estado&#8221;, lament\u00f3.<\/p>\n\n\n\n<p>Maria Elena Guti\u00e9rrez dijo que no saben cu\u00e1l es la postura de este asunto de las desapariciones de la gobernadora electa, Roc\u00edo Nahle, porque ella nunca ha querido tocar el tema.<\/p>\n\n\n\n<p>Finalmente dio a conocer que, &#8220;a lo mejor alg\u00fan d\u00eda ya se le ilumina y dice que hay que poner atenci\u00f3n, pero hasta este momento ha sido indolente&#8221;.<\/p>\n","protected":false},"excerpt":{"rendered":"<p>Dar\u00edo Pale Xalapa, Ver.- M\u00e1s de 2 mil v\u00edctimas de desaparici\u00f3n forzada en Veracruz, en 14 a\u00f1os, el Gobernador Cuitl\u00e1huac Garc\u00eda ha demostrado que no le import\u00f3 el tema, es indolente y otras cosas, as\u00ed lo dio a conocer Mar\u00eda Elena Guti\u00e9rrez, del colectivo Buscando a nuestros desaparecidos y desaparecidas Veracruz. En entrevista se\u00f1al\u00f3 que, [&hellip;]<\/p>\n","protected":false},"author":2476,"featured_media":58122,"comment_status":"open","ping_status":"open","sticky":false,"template":"","format":"standard","meta":{"_jetpack_memberships_contains_paid_content":false,"footnotes":""},"categories":[3],"tags":[],"class_list":["post-58121","post","type-post","status-publish","format-standard","has-post-thumbnail","hentry","category-xalapa"],"jetpack_featured_media_url":"https:\/\/encuentroinformativo.com.mx\/wp-content\/uploads\/2024\/08\/IMG-20240830-WA0046.jpg","jetpack_sharing_enabled":true,"jetpack_likes_enabled":true,"amp_enabled":true,"_links":{"self":[{"href":"https:\/\/encuentroinformativo.com.mx\/index.php?rest_route=\/wp\/v2\/posts\/58121","targetHints":{"allow":["GET"]}}],"collection":[{"href":"https:\/\/encuentroinformativo.com.mx\/index.php?rest_route=\/wp\/v2\/posts"}],"about":[{"href":"https:\/\/encuentroinformativo.com.mx\/index.php?rest_route=\/wp\/v2\/types\/post"}],"author":[{"embeddable":true,"href":"https:\/\/encuentroinformativo.com.mx\/index.php?rest_route=\/wp\/v2\/users\/2476"}],"replies":[{"embeddable":true,"href":"https:\/\/encuentroinformativo.com.mx\/index.php?rest_route=%2Fwp%2Fv2%2Fcomments&post=58121"}],"version-history":[{"count":1,"href":"https:\/\/encuentroinformativo.com.mx\/index.php?rest_route=\/wp\/v2\/posts\/58121\/revisions"}],"predecessor-version":[{"id":58123,"href":"https:\/\/encuentroinformativo.com.mx\/index.php?rest_route=\/wp\/v2\/posts\/58121\/revisions\/58123"}],"wp:featuredmedia":[{"embeddable":true,"href":"https:\/\/encuentroinformativo.com.mx\/index.php?rest_route=\/wp\/v2\/media\/58122"}],"wp:attachment":[{"href":"https:\/\/encuentroinformativo.com.mx\/index.php?rest_route=%2Fwp%2Fv2%2Fmedia&parent=58121"}],"wp:term":[{"taxonomy":"category","embeddable":true,"href":"https:\/\/encuentroinformativo.com.mx\/index.php?rest_route=%2Fwp%2Fv2%2Fcategories&post=58121"},{"taxonomy":"post_tag","embeddable":true,"href":"https:\/\/encuentroinformativo.com.mx\/index.php?rest_route=%2Fwp%2Fv2%2Ftags&post=58121"}],"curies":[{"name":"wp","href":"https:\/\/api.w.org\/{rel}","templated":true}]}}