{"id":58127,"date":"2024-08-30T19:08:35","date_gmt":"2024-08-31T01:08:35","guid":{"rendered":"https:\/\/encuentroinformativo.com.mx\/?p=58127"},"modified":"2024-08-30T19:08:48","modified_gmt":"2024-08-31T01:08:48","slug":"relevo-en-delegacion-de-transito-en-la-zona-norte","status":"publish","type":"post","link":"https:\/\/encuentroinformativo.com.mx\/?p=58127","title":{"rendered":"Relevo en delegaci\u00f3n de Tr\u00e1nsito en la zona norte"},"content":{"rendered":"\n<p>Poza Rica, Ver.- Como parte de la estrategia y acciones en materia de seguridad que ha implementado el Gobierno del Estado de Veracruz, a trav\u00e9s de la Secretar\u00eda de Seguridad P\u00fablica (SSP), la Direcci\u00f3n General de Tr\u00e1nsito y Seguridad Vial (DGTSV) anuncia un cambio en la delegaci\u00f3n de la dependencia en el municipio de Poza Rica.<\/p>\n\n\n\n<p>A partir de este viernes 30 de Agosto, Julio Ignacio Vega Dom\u00ednguez asume el cargo como nuevo delegado de la DGTSV, en sustituci\u00f3n de Benjam\u00edn Olarte Garc\u00eda.<\/p>\n\n\n\n<p>Vega Dom\u00ednguez, quien anteriormente se desempe\u00f1aba como delegado en el municipio de Tecolutla, llega con el objetivo de reforzar la estrategia de seguridad vial en este punto de la zona norte del estado.<\/p>\n\n\n\n<p>Este cambio forma parte de una serie de movimientos y rotaciones de personal que la DGTSV ha decidido implementar con el prop\u00f3sito de fortalecer el trabajo que se ha venido realizando en la entidad. La dependencia subraya que estas acciones buscan mejorar el servicio y garantizar una mayor seguridad vial para la ciudadan\u00eda.<\/p>\n\n\n\n<p>La SSP y la DGTSV reiteran su compromiso de seguir trabajando en favor de la seguridad y el bienestar de todas y todos los veracruzanos, asegurando que las medidas adoptadas est\u00e1n orientadas a generar resultados positivos y tangibles para la poblaci\u00f3n.<\/p>\n","protected":false},"excerpt":{"rendered":"<p>Poza Rica, Ver.- Como parte de la estrategia y acciones en materia de seguridad que ha implementado el Gobierno del Estado de Veracruz, a trav\u00e9s de la Secretar\u00eda de Seguridad P\u00fablica (SSP), la Direcci\u00f3n General de Tr\u00e1nsito y Seguridad Vial (DGTSV) anuncia un cambio en la delegaci\u00f3n de la dependencia en el municipio de Poza [&hellip;]<\/p>\n","protected":false},"author":2476,"featured_media":58130,"comment_status":"open","ping_status":"open","sticky":false,"template":"","format":"standard","meta":{"_jetpack_memberships_contains_paid_content":false,"footnotes":""},"categories":[2],"tags":[],"class_list":["post-58127","post","type-post","status-publish","format-standard","has-post-thumbnail","hentry","category-estado"],"jetpack_featured_media_url":"https:\/\/encuentroinformativo.com.mx\/wp-content\/uploads\/2024\/08\/IMG-20240830-WA01052.jpg","jetpack_sharing_enabled":true,"jetpack_likes_enabled":true,"amp_enabled":true,"_links":{"self":[{"href":"https:\/\/encuentroinformativo.com.mx\/index.php?rest_route=\/wp\/v2\/posts\/58127","targetHints":{"allow":["GET"]}}],"collection":[{"href":"https:\/\/encuentroinformativo.com.mx\/index.php?rest_route=\/wp\/v2\/posts"}],"about":[{"href":"https:\/\/encuentroinformativo.com.mx\/index.php?rest_route=\/wp\/v2\/types\/post"}],"author":[{"embeddable":true,"href":"https:\/\/encuentroinformativo.com.mx\/index.php?rest_route=\/wp\/v2\/users\/2476"}],"replies":[{"embeddable":true,"href":"https:\/\/encuentroinformativo.com.mx\/index.php?rest_route=%2Fwp%2Fv2%2Fcomments&post=58127"}],"version-history":[{"count":1,"href":"https:\/\/encuentroinformativo.com.mx\/index.php?rest_route=\/wp\/v2\/posts\/58127\/revisions"}],"predecessor-version":[{"id":58129,"href":"https:\/\/encuentroinformativo.com.mx\/index.php?rest_route=\/wp\/v2\/posts\/58127\/revisions\/58129"}],"wp:featuredmedia":[{"embeddable":true,"href":"https:\/\/encuentroinformativo.com.mx\/index.php?rest_route=\/wp\/v2\/media\/58130"}],"wp:attachment":[{"href":"https:\/\/encuentroinformativo.com.mx\/index.php?rest_route=%2Fwp%2Fv2%2Fmedia&parent=58127"}],"wp:term":[{"taxonomy":"category","embeddable":true,"href":"https:\/\/encuentroinformativo.com.mx\/index.php?rest_route=%2Fwp%2Fv2%2Fcategories&post=58127"},{"taxonomy":"post_tag","embeddable":true,"href":"https:\/\/encuentroinformativo.com.mx\/index.php?rest_route=%2Fwp%2Fv2%2Ftags&post=58127"}],"curies":[{"name":"wp","href":"https:\/\/api.w.org\/{rel}","templated":true}]}}