{"id":58144,"date":"2024-09-02T10:33:45","date_gmt":"2024-09-02T16:33:45","guid":{"rendered":"https:\/\/encuentroinformativo.com.mx\/?p=58144"},"modified":"2024-09-02T10:33:54","modified_gmt":"2024-09-02T16:33:54","slug":"agosto-el-mes-con-menos-homicidios-en-el-ano-ssp","status":"publish","type":"post","link":"https:\/\/encuentroinformativo.com.mx\/?p=58144","title":{"rendered":"Agosto, el mes con menos homicidios en el a\u00f1o: SSP"},"content":{"rendered":"\n<p>Xalapa, Ver.- En el marco de las festividades correspondientes al 214 aniversario de la Independencia de M\u00e9xico, el Secretario de Seguridad P\u00fablica, Cap. Cuauht\u00e9moc Z\u00fa\u00f1iga Bonilla revel\u00f3 que agosto fue el mes con menos homicidios en el a\u00f1o.<\/p>\n\n\n\n<p>\u201cEl mes que acaba de concluir, ha sido el mes con menos homicidios, resultado del trabajo operativo de los tres \u00f3rdenes de gobierno, lo que sigue manteniendo a la baja los homicidios dolosos\u201d, precis\u00f3.<\/p>\n\n\n\n<p>Adem\u00e1s, adelant\u00f3 que la SSP alista el operativo especial para resguardar las fiestas patrias en los 212 municipios de la entidad veracruzana.<\/p>\n\n\n\n<p>\u201cEl operativo ya est\u00e1 planificado y va a ser puesto a consideraci\u00f3n del Gobernador, Cuitl\u00e1huac Garc\u00eda Jim\u00e9nez, quien en su momento anunciar\u00e1 los elementos que van a participar\u201d.<\/p>\n\n\n\n<p>El funcionario estatal dijo que los 212 municipios contar\u00e1n con fuerzas del orden encabezadas por Polic\u00eda Estatal para preservar el orden, durante las actividades patrias.<\/p>\n\n\n\n<p>En relaci\u00f3n a la extinci\u00f3n de la Fuerza Civil, el titular de SSP precis\u00f3 que tanto las unidades, como las instalaciones y el personal ya operan con los nuevos logos.<\/p>\n\n\n\n<p>\u201cTodos los elementos van a ser re acreditados, independiente de que hayan cumplido su per\u00edodo, vamos a revalorar a todos\u201d, finaliz\u00f3.<\/p>\n","protected":false},"excerpt":{"rendered":"<p>Xalapa, Ver.- En el marco de las festividades correspondientes al 214 aniversario de la Independencia de M\u00e9xico, el Secretario de Seguridad P\u00fablica, Cap. Cuauht\u00e9moc Z\u00fa\u00f1iga Bonilla revel\u00f3 que agosto fue el mes con menos homicidios en el a\u00f1o. \u201cEl mes que acaba de concluir, ha sido el mes con menos homicidios, resultado del trabajo operativo [&hellip;]<\/p>\n","protected":false},"author":2476,"featured_media":58145,"comment_status":"open","ping_status":"open","sticky":false,"template":"","format":"standard","meta":{"_jetpack_memberships_contains_paid_content":false,"footnotes":""},"categories":[2],"tags":[],"class_list":["post-58144","post","type-post","status-publish","format-standard","has-post-thumbnail","hentry","category-estado"],"jetpack_featured_media_url":"https:\/\/encuentroinformativo.com.mx\/wp-content\/uploads\/2024\/09\/IMG-20240902-WA00462.jpg","jetpack_sharing_enabled":true,"jetpack_likes_enabled":true,"amp_enabled":true,"_links":{"self":[{"href":"https:\/\/encuentroinformativo.com.mx\/index.php?rest_route=\/wp\/v2\/posts\/58144","targetHints":{"allow":["GET"]}}],"collection":[{"href":"https:\/\/encuentroinformativo.com.mx\/index.php?rest_route=\/wp\/v2\/posts"}],"about":[{"href":"https:\/\/encuentroinformativo.com.mx\/index.php?rest_route=\/wp\/v2\/types\/post"}],"author":[{"embeddable":true,"href":"https:\/\/encuentroinformativo.com.mx\/index.php?rest_route=\/wp\/v2\/users\/2476"}],"replies":[{"embeddable":true,"href":"https:\/\/encuentroinformativo.com.mx\/index.php?rest_route=%2Fwp%2Fv2%2Fcomments&post=58144"}],"version-history":[{"count":1,"href":"https:\/\/encuentroinformativo.com.mx\/index.php?rest_route=\/wp\/v2\/posts\/58144\/revisions"}],"predecessor-version":[{"id":58146,"href":"https:\/\/encuentroinformativo.com.mx\/index.php?rest_route=\/wp\/v2\/posts\/58144\/revisions\/58146"}],"wp:featuredmedia":[{"embeddable":true,"href":"https:\/\/encuentroinformativo.com.mx\/index.php?rest_route=\/wp\/v2\/media\/58145"}],"wp:attachment":[{"href":"https:\/\/encuentroinformativo.com.mx\/index.php?rest_route=%2Fwp%2Fv2%2Fmedia&parent=58144"}],"wp:term":[{"taxonomy":"category","embeddable":true,"href":"https:\/\/encuentroinformativo.com.mx\/index.php?rest_route=%2Fwp%2Fv2%2Fcategories&post=58144"},{"taxonomy":"post_tag","embeddable":true,"href":"https:\/\/encuentroinformativo.com.mx\/index.php?rest_route=%2Fwp%2Fv2%2Ftags&post=58144"}],"curies":[{"name":"wp","href":"https:\/\/api.w.org\/{rel}","templated":true}]}}