{"id":58151,"date":"2024-09-02T12:11:35","date_gmt":"2024-09-02T18:11:35","guid":{"rendered":"https:\/\/encuentroinformativo.com.mx\/?p=58151"},"modified":"2024-09-02T12:11:41","modified_gmt":"2024-09-02T18:11:41","slug":"ningun-elemento-de-fuerza-civil-fue-dado-de-baja-ssp","status":"publish","type":"post","link":"https:\/\/encuentroinformativo.com.mx\/?p=58151","title":{"rendered":"Ning\u00fan elemento de Fuerza Civil fue dado de baja: SSP"},"content":{"rendered":"\n<p><strong>Dar\u00edo Pale <\/strong><\/p>\n\n\n\n<p>Xalapa, Ver.- El titular de la Secretar\u00eda de Seguridad P\u00fablica del estado (SSP), Cuauht\u00e9moc Zu\u00f1iga Bonilla, descart\u00f3 que fueran cinco personas las que fueron localizadas en Perote o que tuvieran alg\u00fan narco mensaje.<\/p>\n\n\n\n<p>Entrevistado en el parque de Los Berros descart\u00f3 que fueran cinco las personas que fueron agredidas el fin de semana en Perote, pero la Fiscal\u00eda ya est\u00e1 haciendo la investigaci\u00f3n correspondiente, pero no dijo cuantos fueron los cuerpos que fueron localizados y descart\u00f3 que tuvieran narco mensajes.<\/p>\n\n\n\n<p>Cabe se\u00f1alar que la noche del pasado s\u00e1bado fueron encontrados los cuerpos de dos personas con signos de violencia al interior de su domicilio y posteriormente hubo otro reporte donde reportaron a tres personas asesinadas todos estos en el municipio de Perote.<\/p>\n\n\n\n<p>En cuanto a los polic\u00edas de Alamo y Tantoyuca que fueron retirados por estar supuestamente vinculados a la delincuencia organizada se\u00f1al\u00f3 que, hay una revisi\u00f3n peri\u00f3dica por parte de los municipios y son quienes eval\u00faan a los elementos, ellos los apoyan con los ex\u00e1menes de control y confianza ya que son aut\u00f3nomos.<\/p>\n\n\n\n<p>Descart\u00f3 que el comandante de la polic\u00eda municipal de Alamo est\u00e9 vinculado con la delincuencia organizada, ya que la fiscal\u00eda ser\u00eda la indicada para dar respuestas, y record\u00f3 que en el caso de Totalco ya la FGE y la FGR tienen las carpetas de investigaci\u00f3n abiertas hay detenciones.<\/p>\n\n\n\n<p>En otro orden de ideas, se\u00f1al\u00f3 que luego de que el Gobierno del Estado decret\u00f3 que desapareciera la Fuerza Civil tras la muerte de manifestantes en Totalco, en el municipio de Perote, dijo que inici\u00f3 un proceso de acreditaci\u00f3n para que continuaran en dicha dependencia:\u00a0<\/p>\n\n\n\n<p>&#8220;Todos los elementos de la Fuerza Civil estar\u00e1n acreditados y se incorporan a la Secretar\u00eda de Seguridad P\u00fablica&#8221;, se\u00f1al\u00f3.<\/p>\n\n\n\n<p>&#8220;Ning\u00fan elemento es dado de baja. Todos van a conservar sus derechos&#8221; insisti\u00f3.\u00a0<\/p>\n\n\n\n<p>Por \u00faltimo precis\u00f3 que \u00fanicamente les cambiaron uniformes sin gasto adicional de la Secretar\u00eda de Seguridad P\u00fablica.\u00a0<\/p>\n","protected":false},"excerpt":{"rendered":"<p>Dar\u00edo Pale Xalapa, Ver.- El titular de la Secretar\u00eda de Seguridad P\u00fablica del estado (SSP), Cuauht\u00e9moc Zu\u00f1iga Bonilla, descart\u00f3 que fueran cinco personas las que fueron localizadas en Perote o que tuvieran alg\u00fan narco mensaje. Entrevistado en el parque de Los Berros descart\u00f3 que fueran cinco las personas que fueron agredidas el fin de semana [&hellip;]<\/p>\n","protected":false},"author":2476,"featured_media":58152,"comment_status":"open","ping_status":"open","sticky":false,"template":"","format":"standard","meta":{"_jetpack_memberships_contains_paid_content":false,"footnotes":""},"categories":[8],"tags":[],"class_list":["post-58151","post","type-post","status-publish","format-standard","has-post-thumbnail","hentry","category-region"],"jetpack_featured_media_url":"https:\/\/encuentroinformativo.com.mx\/wp-content\/uploads\/2024\/09\/IMG-20240902-WA00522.jpg","jetpack_sharing_enabled":true,"jetpack_likes_enabled":true,"amp_enabled":true,"_links":{"self":[{"href":"https:\/\/encuentroinformativo.com.mx\/index.php?rest_route=\/wp\/v2\/posts\/58151","targetHints":{"allow":["GET"]}}],"collection":[{"href":"https:\/\/encuentroinformativo.com.mx\/index.php?rest_route=\/wp\/v2\/posts"}],"about":[{"href":"https:\/\/encuentroinformativo.com.mx\/index.php?rest_route=\/wp\/v2\/types\/post"}],"author":[{"embeddable":true,"href":"https:\/\/encuentroinformativo.com.mx\/index.php?rest_route=\/wp\/v2\/users\/2476"}],"replies":[{"embeddable":true,"href":"https:\/\/encuentroinformativo.com.mx\/index.php?rest_route=%2Fwp%2Fv2%2Fcomments&post=58151"}],"version-history":[{"count":1,"href":"https:\/\/encuentroinformativo.com.mx\/index.php?rest_route=\/wp\/v2\/posts\/58151\/revisions"}],"predecessor-version":[{"id":58153,"href":"https:\/\/encuentroinformativo.com.mx\/index.php?rest_route=\/wp\/v2\/posts\/58151\/revisions\/58153"}],"wp:featuredmedia":[{"embeddable":true,"href":"https:\/\/encuentroinformativo.com.mx\/index.php?rest_route=\/wp\/v2\/media\/58152"}],"wp:attachment":[{"href":"https:\/\/encuentroinformativo.com.mx\/index.php?rest_route=%2Fwp%2Fv2%2Fmedia&parent=58151"}],"wp:term":[{"taxonomy":"category","embeddable":true,"href":"https:\/\/encuentroinformativo.com.mx\/index.php?rest_route=%2Fwp%2Fv2%2Fcategories&post=58151"},{"taxonomy":"post_tag","embeddable":true,"href":"https:\/\/encuentroinformativo.com.mx\/index.php?rest_route=%2Fwp%2Fv2%2Ftags&post=58151"}],"curies":[{"name":"wp","href":"https:\/\/api.w.org\/{rel}","templated":true}]}}