{"id":58159,"date":"2024-09-02T15:59:42","date_gmt":"2024-09-02T21:59:42","guid":{"rendered":"https:\/\/encuentroinformativo.com.mx\/?p=58159"},"modified":"2024-09-02T15:59:48","modified_gmt":"2024-09-02T21:59:48","slug":"salvamos-rtv-cuitlahuac-garcia","status":"publish","type":"post","link":"https:\/\/encuentroinformativo.com.mx\/?p=58159","title":{"rendered":"Salvamos RTV: Cuitl\u00e1huac Garc\u00eda"},"content":{"rendered":"\n<p><strong>Dar\u00edo Pale <\/strong><\/p>\n\n\n\n<p>Xalapa, Ver.- El gobernador Cuitl\u00e1huac Garc\u00eda Jim\u00e9nez dijo, &#8220;lo salvamos&#8221;, ya que revel\u00f3 que RTV estuvo a punto de desaparecer, los trabajadores no saben eso pero se compromete a apoyar y dio el p\u00e9same a la familia del trabajador muerto en el accidente.<\/p>\n\n\n\n<p>En conferencia de prensa se\u00f1al\u00f3 que, Radiotelevisi\u00f3n de Veracruz (RTV), estuvo a punto de desaparecer, luego de que la pasada administraci\u00f3n estatal emanada del PAN la dej\u00f3 &#8220;morir&#8221;.<\/p>\n\n\n\n<p>Conf\u00edo en que ahora los trabajadores est\u00e9n conscientes de que estuvieron a punto de perder su trabajo.<\/p>\n\n\n\n<p>&#8220;En caso de \u00a0RTV, \u00a0iba a desaparecer. La gente no lo sabe, yo espero que los trabajadores sean conscientes de eso, \u00a0de que defendimos su fuente de trabajo porque el gobierno anterior, \u00a0los trat\u00f3 con un desd\u00e9n tremendo&#8221;, se\u00f1al\u00f3.<\/p>\n\n\n\n<p>Confirm\u00f3 que la concesi\u00f3n por poco se pierde, &#8220;nos iban a quitar la concesi\u00f3n.En verdad le agradezco al equipo jur\u00eddico por las reuniones y la gesti\u00f3n en la Ciudad de M\u00e9xico para \u00a0dar la pelea jur\u00eddica&#8221;.<\/p>\n\n\n\n<p>Se comprometi\u00f3 a revisar las demandas de los trabajadores de la televisi\u00f3n estatal que este lunes se manifestaron para exigir se cumplan sus demandas, principalmente en materia de seguridad.<\/p>\n\n\n\n<p>Finalmente di\u00f3 el p\u00e9same a la familia del trabajador que falleci\u00f3 a consecuencia de un accidente laboral.<\/p>\n","protected":false},"excerpt":{"rendered":"<p>Dar\u00edo Pale Xalapa, Ver.- El gobernador Cuitl\u00e1huac Garc\u00eda Jim\u00e9nez dijo, &#8220;lo salvamos&#8221;, ya que revel\u00f3 que RTV estuvo a punto de desaparecer, los trabajadores no saben eso pero se compromete a apoyar y dio el p\u00e9same a la familia del trabajador muerto en el accidente. En conferencia de prensa se\u00f1al\u00f3 que, Radiotelevisi\u00f3n de Veracruz (RTV), [&hellip;]<\/p>\n","protected":false},"author":2476,"featured_media":58160,"comment_status":"open","ping_status":"open","sticky":false,"template":"","format":"standard","meta":{"_jetpack_memberships_contains_paid_content":false,"footnotes":""},"categories":[2],"tags":[],"class_list":["post-58159","post","type-post","status-publish","format-standard","has-post-thumbnail","hentry","category-estado"],"jetpack_featured_media_url":"https:\/\/encuentroinformativo.com.mx\/wp-content\/uploads\/2024\/09\/IMG-20240902-WA01682-scaled.jpg","jetpack_sharing_enabled":true,"jetpack_likes_enabled":true,"amp_enabled":true,"_links":{"self":[{"href":"https:\/\/encuentroinformativo.com.mx\/index.php?rest_route=\/wp\/v2\/posts\/58159","targetHints":{"allow":["GET"]}}],"collection":[{"href":"https:\/\/encuentroinformativo.com.mx\/index.php?rest_route=\/wp\/v2\/posts"}],"about":[{"href":"https:\/\/encuentroinformativo.com.mx\/index.php?rest_route=\/wp\/v2\/types\/post"}],"author":[{"embeddable":true,"href":"https:\/\/encuentroinformativo.com.mx\/index.php?rest_route=\/wp\/v2\/users\/2476"}],"replies":[{"embeddable":true,"href":"https:\/\/encuentroinformativo.com.mx\/index.php?rest_route=%2Fwp%2Fv2%2Fcomments&post=58159"}],"version-history":[{"count":1,"href":"https:\/\/encuentroinformativo.com.mx\/index.php?rest_route=\/wp\/v2\/posts\/58159\/revisions"}],"predecessor-version":[{"id":58161,"href":"https:\/\/encuentroinformativo.com.mx\/index.php?rest_route=\/wp\/v2\/posts\/58159\/revisions\/58161"}],"wp:featuredmedia":[{"embeddable":true,"href":"https:\/\/encuentroinformativo.com.mx\/index.php?rest_route=\/wp\/v2\/media\/58160"}],"wp:attachment":[{"href":"https:\/\/encuentroinformativo.com.mx\/index.php?rest_route=%2Fwp%2Fv2%2Fmedia&parent=58159"}],"wp:term":[{"taxonomy":"category","embeddable":true,"href":"https:\/\/encuentroinformativo.com.mx\/index.php?rest_route=%2Fwp%2Fv2%2Fcategories&post=58159"},{"taxonomy":"post_tag","embeddable":true,"href":"https:\/\/encuentroinformativo.com.mx\/index.php?rest_route=%2Fwp%2Fv2%2Ftags&post=58159"}],"curies":[{"name":"wp","href":"https:\/\/api.w.org\/{rel}","templated":true}]}}