{"id":58166,"date":"2024-09-02T20:02:10","date_gmt":"2024-09-03T02:02:10","guid":{"rendered":"https:\/\/encuentroinformativo.com.mx\/?p=58166"},"modified":"2024-09-02T20:02:16","modified_gmt":"2024-09-03T02:02:16","slug":"ignacio-la-llave-tendra-la-primera-edicion-de-la-feria-del-queso","status":"publish","type":"post","link":"https:\/\/encuentroinformativo.com.mx\/?p=58166","title":{"rendered":"Ignacio la Llave tendr\u00e1 la primera edici\u00f3n de la Feria del Queso"},"content":{"rendered":"\n<p><strong>Alejandro \u00c1vila<\/strong><\/p>\n\n\n\n<p>Veracruz, Ver.- Por primera vez en su historia el municipio de Ignacio de la Llave tendr\u00e1 una feria del queso, misma que se realizar\u00e1 el pr\u00f3ximo 5 de octubre mencion\u00f3 el productor, Emilio Manuel Dom\u00ednguez.<\/p>\n\n\n\n<p>El productor primario mencion\u00f3 que esta decisi\u00f3n la tomaron en conjunto entre varios ganaderos debido a la fama que tiene el queso de la zona popularmente conocida como &#8220;La Mixtequilla&#8221;.<\/p>\n\n\n\n<p>&#8220;No se hab\u00eda visto esa situaci\u00f3n que es relativamente importante, que le demos m\u00e1s menos promoci\u00f3n a nuestro producto como tal (\u2026) m\u00e1s o menos de 20 a 25 productores de queso en el municipio&#8221;, expres\u00f3.<\/p>\n\n\n\n<p>En dicho evento se ocupar\u00e1n entre 4 y 5 mil litros de leche para realizar m\u00e1s de 400 kilos de queso, mismos que ser\u00e1n regalados a la ciudadan\u00eda que se de cita en la primer Feria del Queso de Ignacio de la Llave.<\/p>\n\n\n\n<p>El evento se realizar\u00e1 en el parque central del municipio en horario de 10 de la ma\u00f1ana a 3 de la tarde, donde habr\u00e1 otras actividades para el entretenimiento del p\u00fablico asistente.<\/p>\n","protected":false},"excerpt":{"rendered":"<p>Alejandro \u00c1vila Veracruz, Ver.- Por primera vez en su historia el municipio de Ignacio de la Llave tendr\u00e1 una feria del queso, misma que se realizar\u00e1 el pr\u00f3ximo 5 de octubre mencion\u00f3 el productor, Emilio Manuel Dom\u00ednguez. El productor primario mencion\u00f3 que esta decisi\u00f3n la tomaron en conjunto entre varios ganaderos debido a la fama [&hellip;]<\/p>\n","protected":false},"author":2476,"featured_media":58167,"comment_status":"open","ping_status":"open","sticky":false,"template":"","format":"standard","meta":{"_jetpack_memberships_contains_paid_content":false,"footnotes":""},"categories":[2],"tags":[],"class_list":["post-58166","post","type-post","status-publish","format-standard","has-post-thumbnail","hentry","category-estado"],"jetpack_featured_media_url":"https:\/\/encuentroinformativo.com.mx\/wp-content\/uploads\/2024\/09\/IMG-20240902-WA0186.jpg","jetpack_sharing_enabled":true,"jetpack_likes_enabled":true,"amp_enabled":true,"_links":{"self":[{"href":"https:\/\/encuentroinformativo.com.mx\/index.php?rest_route=\/wp\/v2\/posts\/58166","targetHints":{"allow":["GET"]}}],"collection":[{"href":"https:\/\/encuentroinformativo.com.mx\/index.php?rest_route=\/wp\/v2\/posts"}],"about":[{"href":"https:\/\/encuentroinformativo.com.mx\/index.php?rest_route=\/wp\/v2\/types\/post"}],"author":[{"embeddable":true,"href":"https:\/\/encuentroinformativo.com.mx\/index.php?rest_route=\/wp\/v2\/users\/2476"}],"replies":[{"embeddable":true,"href":"https:\/\/encuentroinformativo.com.mx\/index.php?rest_route=%2Fwp%2Fv2%2Fcomments&post=58166"}],"version-history":[{"count":1,"href":"https:\/\/encuentroinformativo.com.mx\/index.php?rest_route=\/wp\/v2\/posts\/58166\/revisions"}],"predecessor-version":[{"id":58168,"href":"https:\/\/encuentroinformativo.com.mx\/index.php?rest_route=\/wp\/v2\/posts\/58166\/revisions\/58168"}],"wp:featuredmedia":[{"embeddable":true,"href":"https:\/\/encuentroinformativo.com.mx\/index.php?rest_route=\/wp\/v2\/media\/58167"}],"wp:attachment":[{"href":"https:\/\/encuentroinformativo.com.mx\/index.php?rest_route=%2Fwp%2Fv2%2Fmedia&parent=58166"}],"wp:term":[{"taxonomy":"category","embeddable":true,"href":"https:\/\/encuentroinformativo.com.mx\/index.php?rest_route=%2Fwp%2Fv2%2Fcategories&post=58166"},{"taxonomy":"post_tag","embeddable":true,"href":"https:\/\/encuentroinformativo.com.mx\/index.php?rest_route=%2Fwp%2Fv2%2Ftags&post=58166"}],"curies":[{"name":"wp","href":"https:\/\/api.w.org\/{rel}","templated":true}]}}