{"id":58169,"date":"2024-09-02T12:03:58","date_gmt":"2024-09-02T18:03:58","guid":{"rendered":"https:\/\/encuentroinformativo.com.mx\/?p=58169"},"modified":"2024-09-02T20:05:57","modified_gmt":"2024-09-03T02:05:57","slug":"en-el-pan-seremos-congruentes-rementeria","status":"publish","type":"post","link":"https:\/\/encuentroinformativo.com.mx\/?p=58169","title":{"rendered":"En el PAN seremos congruentes: Rementer\u00eda"},"content":{"rendered":"\n<p><strong>Alejandro \u00c1vila<\/strong><\/p>\n\n\n\n<p>Veracruz, Ver.- El Partido Acci\u00f3n Nacional ser\u00e1 congruente con los mexicanos se creen en la democracia, mencion\u00f3 el diputado federal, Julen Rementer\u00eda del Puerto.<\/p>\n\n\n\n<p>\u201cAnte la traici\u00f3n m\u00e1s grande y devastadora que har\u00e1 la ilegal aplanadora oficialista a la democracia de este pa\u00eds, los legisladores del PAN seremos congruentes con nuestro voto, y no defraudaremos a los mexicanos que creen en los derechos, la libertad y la democracia de esta naci\u00f3n\u201d, expres\u00f3.<\/p>\n\n\n\n<p>A horas que se discuta el dictamen de la Reforma del Poder Judicial que propuso el Presidente de la Rep\u00fablica, el legislador veracruzano se\u00f1al\u00f3 que su partido solo estar\u00e1 a favor de las leyes que beneficien a M\u00e9xico y a los mexicanos y no ante una reforma que atenta con la democracia<\/p>\n\n\n\n<p>\u201cEn la C\u00e1mara de Diputados hay una aplanadora oficialista que sacar\u00e1 lo instruido por el todav\u00eda ejecutivo federal, pero en el Senado no tienen los votos suficientes, y sin duda la oposici\u00f3n impedir\u00e1 su aprobaci\u00f3n y as\u00ed evitar esa sa\u00f1a que tiene Morena en decapitar al Poder Judicial y con ello matar la democracia\u201d, inst\u00f3.<\/p>\n\n\n\n<p>Rementer\u00eda del Puerto concluy\u00f3 que, la oposici\u00f3n est\u00e1 firme y unida y que estar\u00e1 a la altura ante esta nueva destrucci\u00f3n e irresponsabilidad que pretende hacer la mayor\u00eda hegem\u00f3nica que quedar\u00e1 grabada en la historia de este pa\u00eds.<\/p>\n","protected":false},"excerpt":{"rendered":"<p>Alejandro \u00c1vila Veracruz, Ver.- El Partido Acci\u00f3n Nacional ser\u00e1 congruente con los mexicanos se creen en la democracia, mencion\u00f3 el diputado federal, Julen Rementer\u00eda del Puerto. \u201cAnte la traici\u00f3n m\u00e1s grande y devastadora que har\u00e1 la ilegal aplanadora oficialista a la democracia de este pa\u00eds, los legisladores del PAN seremos congruentes con nuestro voto, y [&hellip;]<\/p>\n","protected":false},"author":2476,"featured_media":58170,"comment_status":"open","ping_status":"open","sticky":false,"template":"","format":"standard","meta":{"_jetpack_memberships_contains_paid_content":false,"footnotes":""},"categories":[12],"tags":[],"class_list":["post-58169","post","type-post","status-publish","format-standard","has-post-thumbnail","hentry","category-nacional"],"jetpack_featured_media_url":"https:\/\/encuentroinformativo.com.mx\/wp-content\/uploads\/2024\/09\/IMG-20240902-WA0184.jpg","jetpack_sharing_enabled":true,"jetpack_likes_enabled":true,"amp_enabled":true,"_links":{"self":[{"href":"https:\/\/encuentroinformativo.com.mx\/index.php?rest_route=\/wp\/v2\/posts\/58169","targetHints":{"allow":["GET"]}}],"collection":[{"href":"https:\/\/encuentroinformativo.com.mx\/index.php?rest_route=\/wp\/v2\/posts"}],"about":[{"href":"https:\/\/encuentroinformativo.com.mx\/index.php?rest_route=\/wp\/v2\/types\/post"}],"author":[{"embeddable":true,"href":"https:\/\/encuentroinformativo.com.mx\/index.php?rest_route=\/wp\/v2\/users\/2476"}],"replies":[{"embeddable":true,"href":"https:\/\/encuentroinformativo.com.mx\/index.php?rest_route=%2Fwp%2Fv2%2Fcomments&post=58169"}],"version-history":[{"count":1,"href":"https:\/\/encuentroinformativo.com.mx\/index.php?rest_route=\/wp\/v2\/posts\/58169\/revisions"}],"predecessor-version":[{"id":58171,"href":"https:\/\/encuentroinformativo.com.mx\/index.php?rest_route=\/wp\/v2\/posts\/58169\/revisions\/58171"}],"wp:featuredmedia":[{"embeddable":true,"href":"https:\/\/encuentroinformativo.com.mx\/index.php?rest_route=\/wp\/v2\/media\/58170"}],"wp:attachment":[{"href":"https:\/\/encuentroinformativo.com.mx\/index.php?rest_route=%2Fwp%2Fv2%2Fmedia&parent=58169"}],"wp:term":[{"taxonomy":"category","embeddable":true,"href":"https:\/\/encuentroinformativo.com.mx\/index.php?rest_route=%2Fwp%2Fv2%2Fcategories&post=58169"},{"taxonomy":"post_tag","embeddable":true,"href":"https:\/\/encuentroinformativo.com.mx\/index.php?rest_route=%2Fwp%2Fv2%2Ftags&post=58169"}],"curies":[{"name":"wp","href":"https:\/\/api.w.org\/{rel}","templated":true}]}}