{"id":5817,"date":"2020-09-14T07:15:16","date_gmt":"2020-09-14T12:15:16","guid":{"rendered":"https:\/\/encuentroinformativo.com.mx\/?p=5817"},"modified":"2020-09-14T08:37:34","modified_gmt":"2020-09-14T13:37:34","slug":"fiestas-patrias-en-tiempos-de-covid","status":"publish","type":"post","link":"https:\/\/encuentroinformativo.com.mx\/?p=5817","title":{"rendered":"FIESTAS PATRIAS EN TIEMPOS DE COVID"},"content":{"rendered":"\n<p><strong>+ Caliente la zona pi\u00f1era.<br>+ Entre Delgado y Polevnsky.<br>+ Los boletos de la rifa.<br><br>El senador Samuel, cercano a Dante, otra vez reg\u00e1ndola: confundi\u00f3 a ni\u00f1os con c\u00e1ncer con perritos&#8230; \u00a1Pa&#8217; vato!&#8230;<br>&#8211;Chopenjawer<\/strong><\/p>\n\n\n\n<p>Si bien habr\u00e1 &#8220;gritos&#8221; y ceremonias virtuales para homenajear a los h\u00e9roes que nos dieron patria, la realidad es que este septiembre se antoja muy desabrido.<\/p>\n\n\n\n<p>La pandemia por el Covid-19 tambi\u00e9n afect\u00f3 a esta celebraci\u00f3n en M\u00e9xico, que es considerada uno de los m\u00e1ximos festejos que tenemos, donde se re\u00fanen cientos o miles en plazas p\u00fablicas para corear el &#8220;\u00a1Viva M\u00e9xico!&#8221;, ver los juegos pirot\u00e9cnicos y disfrutar de alg\u00fan artista de renombre.<\/p>\n\n\n\n<p>Habr\u00e1 qu\u00e9 decir que de por si las fiestas patrias en Xalapa, hab\u00edan venido a menos, luego de la robadera que se dio, en los \u00faltimos a\u00f1os, en el Gobierno de Veracruz.<\/p>\n\n\n\n<p>Si bien ya el presupuesto no alcanza para traer a un charro o mariachi mamal\u00f3n, seguramente tampoco en las casas habr\u00e1 mucho qu\u00e9 festejar debido a la situaci\u00f3n econ\u00f3mica: muchos negocios cerrados, despidos, complicaciones con el regreso a clases con las mentadas cuotas, que a muchos padres de familia los agarr\u00f3 sin dinero, etc.<\/p>\n\n\n\n<p>Se antoja un septiembre patrio muy austero, una cena mexicana en familia y quiz\u00e1 algo de tequila; ahora que ya abrieron los bares y antros, a lo mejor la gente aproveche para irse a dar el rol y cantar a gritos m\u00fasica de banda y mariachi.<\/p>\n\n\n\n<p>Pero de que el Covid-19 peg\u00f3 con tubo hasta a las fiestas patrias, ni lo dude. Este a\u00f1o no habr\u00e1 artistas, no habr\u00e1 verbena con antojitos, ni desfile; todo en aras de evitar las concentraciones masivas.<\/p>\n\n\n\n<p>En este escenario, se recuerdan las palabras del presidente Andr\u00e9s Manuel L\u00f3pez Obrador cuando dijo que la pandemia les ven\u00eda como anillo al dedo&#8230; y as\u00ed parece ser: no tendr\u00e1n que hacer gastos enormes para los festejos de septiembre.<\/p>\n\n\n\n<p>De hecho, el tradicional desfile (tanto en la CDMX, como el de Xalapa) qued\u00f3 cancelado. All\u00e1 en la capital del pa\u00eds habr\u00e1 una ceremonia en el Z\u00f3calo; ac\u00e1 en la capital veracruzana un arreo de bandera simb\u00f3lico&#8230; y nada m\u00e1s.<\/p>\n\n\n\n<p>La novedad es que en Xalapa habr\u00e1 varios puntos donde lanzar\u00e1n un espect\u00e1culo de &#8220;juego de luces en el cielo&#8221;, es decir, no se van a lanzar todos los fuegos pirot\u00e9cnicos desde la azotea del edificio frente al Palacio de Gobierno. La idea es que la gente salga a sus azoteas para que pueda disfrutarlos.<\/p>\n\n\n\n<p>De hecho, el tema de septiembre, aunque duela decirlo, pinta para algo m\u00e1s l\u00fagubre y solemne por las v\u00edctimas del Covid.<\/p>\n\n\n\n<p>Cualquier festejo en el resto del a\u00f1o deber\u00eda cancelarse no s\u00f3lo para evitar contagios, sino para recordar las m\u00e1s de 70 mil muertes (y contando) de mexicanas, mexicanos, &#8220;mexiquenes&#8221;, por el maldito Coronavirus. Sencillamente, no hay nada qu\u00e9 festejar, pues todav\u00eda falta un buen tramo para que llegue la cura, la vacuna, y, por ende, se augura que habr\u00e1 m\u00e1s ca\u00eddos.<\/p>\n\n\n\n<p>Claro que debe permanecer el esp\u00edritu patrio, el orgullo de sentirse mexicano, mexicana, &#8220;mexiquene&#8221;, pero tambi\u00e9n &#8211;desgraciadamente&#8211; vivimos ya en un pa\u00eds tan polarizado y abiertamente clasista, que francamente se ve dif\u00edcil un escenario de unidad nacional, y m\u00e1s si nos seguimos peleando por pol\u00edtica y no intentamos siquiera practicar la tolerancia y mucho menos reconciliarnos.<\/p>\n\n\n\n<p><strong>NOTA PARA PEGAR EN EL REFRI:<\/strong> Muy caliente la zona pi\u00f1era, all\u00e1 en el sur de Veracruz. Este fin de semana mataron al conocido productor Mois\u00e9s Gasper\u00edn Crivelli, t\u00edo de la exalcaldesa de Rodr\u00edguez Clara. Una jovencita de 17 a\u00f1os tambi\u00e9n fue asesinada presuntamente por su pareja, en San Juan Evangelista; su cuerpo qued\u00f3 abandonado en plena v\u00eda p\u00fablica.<\/p>\n\n\n\n<p><strong>OTRA NOTA: <\/strong>Corre la fuerte versi\u00f3n de que ser\u00e1 el diputado federal Mario Delgado quien tomar\u00e1 las riendas de Morena a nivel nacional y esto tiene cierta l\u00f3gica, ya que es un personaje muy cercano a Marcelo Ebrard, que es algo as\u00ed como el vicepresidente de este pa\u00eds, y seguramente el candidato de AMLO para la pr\u00f3xima elecci\u00f3n presidencial. No obstante, en la c\u00fapula de MORENA dicen que otra muuuuuuuy fuerte contendiente (con el apoyo de militantes de peso en el caso de Veracruz) es Yeidckol Polevnsky, quien &#8211;sobra decirlo&#8211; se ha fletado desde hace rato con el presi.<\/p>\n\n\n\n<p><strong>LA \u00daLTIMA PORQUE HAY MUCHO QU\u00c9 VER PENDIENTE EN EL &#8220;NEDFLIDS&#8221;:<\/strong> Ya para el cierre y pr\u00e1cticamente al cuarto para el ratito,\u00a0<a href=\"outlook-data-detector:\/\/0\">este lunes<\/a>\u00a0se instalar\u00e1 en la explanada de la c\u00e1mara Baja de San L\u00e1zaro un expendio de la Loter\u00eda Nacional para promocionar la venta de boletos para la rifa que no es rifa del avi\u00f3n presidencial que no se va a rifar&#8230; Ac\u00e1 en la aldea parece que no hubo necesidad de eso, pues curiosamente en Xalapa, contra todo pron\u00f3stico, ha tenido mucho \u00e9xito la venta, seg\u00fan la concesionaria del expendio de billetes que se encuentra sobre la avenida Enr\u00edquez y se espera que todav\u00eda lleguen a venderse m\u00e1s de \u00faltima hora para el sorteo del\u00a0<a href=\"outlook-data-detector:\/\/1\">15 de septiembre, a las 16 horas<\/a>.<\/p>\n\n\n\n<p>De hecho, se sabe que la entidad veracruzana, desde hace mucho, es de las que m\u00e1s le apuestan a la Loter\u00eda Nacional.<\/p>\n\n\n\n<p><strong>@pablojair<\/strong><\/p>\n","protected":false},"excerpt":{"rendered":"<p>+ Caliente la zona pi\u00f1era.+ Entre Delgado y Polevnsky.+ Los boletos de la rifa. El senador Samuel, cercano a Dante, otra vez reg\u00e1ndola: confundi\u00f3 a ni\u00f1os con c\u00e1ncer con perritos&#8230; \u00a1Pa&#8217; vato!&#8230;&#8211;Chopenjawer Si bien habr\u00e1 &#8220;gritos&#8221; y ceremonias virtuales para homenajear a los h\u00e9roes que nos dieron patria, la realidad es que este septiembre se [&hellip;]<\/p>\n","protected":false},"author":1,"featured_media":488,"comment_status":"open","ping_status":"open","sticky":false,"template":"","format":"aside","meta":{"_jetpack_memberships_contains_paid_content":false,"footnotes":""},"categories":[11],"tags":[],"class_list":["post-5817","post","type-post","status-publish","format-aside","has-post-thumbnail","hentry","category-opinion","post_format-post-format-aside"],"jetpack_featured_media_url":"https:\/\/encuentroinformativo.com.mx\/wp-content\/uploads\/2020\/03\/F471F608-BA1A-416B-BA7B-BCFB24F4E6D0.jpeg","jetpack_sharing_enabled":true,"jetpack_likes_enabled":true,"amp_enabled":true,"_links":{"self":[{"href":"https:\/\/encuentroinformativo.com.mx\/index.php?rest_route=\/wp\/v2\/posts\/5817","targetHints":{"allow":["GET"]}}],"collection":[{"href":"https:\/\/encuentroinformativo.com.mx\/index.php?rest_route=\/wp\/v2\/posts"}],"about":[{"href":"https:\/\/encuentroinformativo.com.mx\/index.php?rest_route=\/wp\/v2\/types\/post"}],"author":[{"embeddable":true,"href":"https:\/\/encuentroinformativo.com.mx\/index.php?rest_route=\/wp\/v2\/users\/1"}],"replies":[{"embeddable":true,"href":"https:\/\/encuentroinformativo.com.mx\/index.php?rest_route=%2Fwp%2Fv2%2Fcomments&post=5817"}],"version-history":[{"count":2,"href":"https:\/\/encuentroinformativo.com.mx\/index.php?rest_route=\/wp\/v2\/posts\/5817\/revisions"}],"predecessor-version":[{"id":5819,"href":"https:\/\/encuentroinformativo.com.mx\/index.php?rest_route=\/wp\/v2\/posts\/5817\/revisions\/5819"}],"wp:featuredmedia":[{"embeddable":true,"href":"https:\/\/encuentroinformativo.com.mx\/index.php?rest_route=\/wp\/v2\/media\/488"}],"wp:attachment":[{"href":"https:\/\/encuentroinformativo.com.mx\/index.php?rest_route=%2Fwp%2Fv2%2Fmedia&parent=5817"}],"wp:term":[{"taxonomy":"category","embeddable":true,"href":"https:\/\/encuentroinformativo.com.mx\/index.php?rest_route=%2Fwp%2Fv2%2Fcategories&post=5817"},{"taxonomy":"post_tag","embeddable":true,"href":"https:\/\/encuentroinformativo.com.mx\/index.php?rest_route=%2Fwp%2Fv2%2Ftags&post=5817"}],"curies":[{"name":"wp","href":"https:\/\/api.w.org\/{rel}","templated":true}]}}