{"id":58185,"date":"2024-09-03T13:26:33","date_gmt":"2024-09-03T19:26:33","guid":{"rendered":"https:\/\/encuentroinformativo.com.mx\/?p=58185"},"modified":"2024-09-03T13:26:39","modified_gmt":"2024-09-03T19:26:39","slug":"arriban-reliquias-de-san-judas-tadeo-a-perote","status":"publish","type":"post","link":"https:\/\/encuentroinformativo.com.mx\/?p=58185","title":{"rendered":"Arriban reliquias de San Judas Tadeo a Perote"},"content":{"rendered":"\n<p><strong>Dar\u00edo Pale<\/strong><\/p>\n\n\n\n<p>Xalapa, Ver.- Esta ma\u00f1ana arribaron al municipio de Perote las Reliquias de San Judas Tadeo, luego que el d\u00eda de ayer estuvieran en la Parroquia de Santa Mar\u00eda Magdalena en Altotonga.<\/p>\n\n\n\n<p>La Reliquia fue resguardada con un fuerte dispositivo a cargo de elementos de la Polic\u00eda Municipal as\u00ed como de elementos de Tr\u00e1nsito del Estado y Protecci\u00f3n Civil, tras su paso por las calles de ese municipio.\u00a0<\/p>\n\n\n\n<p>El resto \u00f3seo del Ap\u00f3stol de Jes\u00fas fue trasladado por las principales avenidas del municipio en un veh\u00edculo adaptado con vidrios panor\u00e1micos para que los fieles lo puedan ver a su paso.\u00a0<\/p>\n\n\n\n<p>La Reliquia fue trasladada a la Parroquia de San Miguel Arc\u00e1ngel donde estar\u00e1 expuesta hasta el d\u00eda de ma\u00f1ana.<\/p>\n\n\n\n<figure class=\"wp-block-image size-large\"><img loading=\"lazy\" decoding=\"async\" width=\"1024\" height=\"750\" src=\"https:\/\/encuentroinformativo.com.mx\/wp-content\/uploads\/2024\/09\/1000376154-1024x750.jpg\" alt=\"\" class=\"wp-image-58187\" srcset=\"https:\/\/encuentroinformativo.com.mx\/wp-content\/uploads\/2024\/09\/1000376154-1024x750.jpg 1024w, https:\/\/encuentroinformativo.com.mx\/wp-content\/uploads\/2024\/09\/1000376154-300x220.jpg 300w, https:\/\/encuentroinformativo.com.mx\/wp-content\/uploads\/2024\/09\/1000376154-768x563.jpg 768w, https:\/\/encuentroinformativo.com.mx\/wp-content\/uploads\/2024\/09\/1000376154-420x307.jpg 420w, https:\/\/encuentroinformativo.com.mx\/wp-content\/uploads\/2024\/09\/1000376154.jpg 1193w\" sizes=\"auto, (max-width: 1024px) 100vw, 1024px\" \/><\/figure>\n","protected":false},"excerpt":{"rendered":"<p>Dar\u00edo Pale Xalapa, Ver.- Esta ma\u00f1ana arribaron al municipio de Perote las Reliquias de San Judas Tadeo, luego que el d\u00eda de ayer estuvieran en la Parroquia de Santa Mar\u00eda Magdalena en Altotonga. La Reliquia fue resguardada con un fuerte dispositivo a cargo de elementos de la Polic\u00eda Municipal as\u00ed como de elementos de Tr\u00e1nsito [&hellip;]<\/p>\n","protected":false},"author":2476,"featured_media":58186,"comment_status":"open","ping_status":"open","sticky":false,"template":"","format":"standard","meta":{"_jetpack_memberships_contains_paid_content":false,"footnotes":""},"categories":[8],"tags":[],"class_list":["post-58185","post","type-post","status-publish","format-standard","has-post-thumbnail","hentry","category-region"],"jetpack_featured_media_url":"https:\/\/encuentroinformativo.com.mx\/wp-content\/uploads\/2024\/09\/IMG-20240903-WA0051.jpg","jetpack_sharing_enabled":true,"jetpack_likes_enabled":true,"amp_enabled":true,"_links":{"self":[{"href":"https:\/\/encuentroinformativo.com.mx\/index.php?rest_route=\/wp\/v2\/posts\/58185","targetHints":{"allow":["GET"]}}],"collection":[{"href":"https:\/\/encuentroinformativo.com.mx\/index.php?rest_route=\/wp\/v2\/posts"}],"about":[{"href":"https:\/\/encuentroinformativo.com.mx\/index.php?rest_route=\/wp\/v2\/types\/post"}],"author":[{"embeddable":true,"href":"https:\/\/encuentroinformativo.com.mx\/index.php?rest_route=\/wp\/v2\/users\/2476"}],"replies":[{"embeddable":true,"href":"https:\/\/encuentroinformativo.com.mx\/index.php?rest_route=%2Fwp%2Fv2%2Fcomments&post=58185"}],"version-history":[{"count":1,"href":"https:\/\/encuentroinformativo.com.mx\/index.php?rest_route=\/wp\/v2\/posts\/58185\/revisions"}],"predecessor-version":[{"id":58188,"href":"https:\/\/encuentroinformativo.com.mx\/index.php?rest_route=\/wp\/v2\/posts\/58185\/revisions\/58188"}],"wp:featuredmedia":[{"embeddable":true,"href":"https:\/\/encuentroinformativo.com.mx\/index.php?rest_route=\/wp\/v2\/media\/58186"}],"wp:attachment":[{"href":"https:\/\/encuentroinformativo.com.mx\/index.php?rest_route=%2Fwp%2Fv2%2Fmedia&parent=58185"}],"wp:term":[{"taxonomy":"category","embeddable":true,"href":"https:\/\/encuentroinformativo.com.mx\/index.php?rest_route=%2Fwp%2Fv2%2Fcategories&post=58185"},{"taxonomy":"post_tag","embeddable":true,"href":"https:\/\/encuentroinformativo.com.mx\/index.php?rest_route=%2Fwp%2Fv2%2Ftags&post=58185"}],"curies":[{"name":"wp","href":"https:\/\/api.w.org\/{rel}","templated":true}]}}