{"id":58192,"date":"2024-09-03T15:39:34","date_gmt":"2024-09-03T21:39:34","guid":{"rendered":"https:\/\/encuentroinformativo.com.mx\/?p=58192"},"modified":"2024-09-03T15:39:41","modified_gmt":"2024-09-03T21:39:41","slug":"mantienen-protestas-trabajadores-de-rtv","status":"publish","type":"post","link":"https:\/\/encuentroinformativo.com.mx\/?p=58192","title":{"rendered":"Mantienen protestas trabajadores de RTV"},"content":{"rendered":"\n<p><strong>Dar\u00edo Pale<\/strong><\/p>\n\n\n\n<p>Xalapa, Ver.- Arrecian las protestas en Radiotelevisi\u00f3n de Veracruz (RTV), el gobernador &#8220;tiene otros datos&#8221;, responden trabajadores abuchean al director del canal V\u00edctor Hugo y contin\u00faan exigiendo justicia para su compa\u00f1ero y ver d\u00f3nde est\u00e1 el dinero.<\/p>\n\n\n\n<p>El d\u00eda de hoy un grupo de trabajadores protestaron en las instalaciones de Radio Televisi\u00f3n de Veracruz (RTV), para exigir justicia para su compa\u00f1ero Abraham M\u00e1rquez Carmona, muerto en un accidente laboral.<\/p>\n\n\n\n<p>&#8220;Queremos justicia, queremos saber d\u00f3nde est\u00e1 el dinero V\u00edctor Hugo&#8221;, gritaban durante la manifestaci\u00f3n.<\/p>\n\n\n\n<p>Un funcionario de nivel medio trat\u00f3 de atender la situaci\u00f3n, sin embargo no hubo respuesta por parte de los trabajadores.<\/p>\n\n\n\n<p>Asimismo, la trabajadora Arlet Barradas dej\u00f3 en claro que &#8220;ning\u00fan \u00a0sindicato se est\u00e1 aprovechando de nada y menos al que usted alude\u201d.<\/p>\n\n\n\n<p>Lo anterior en respuesta al gobernador Cuitl\u00e1huac Garc\u00eda Jim\u00e9nez qui\u00e9n cuestion\u00f3 sobre la inconformidad de trabajadores de la Televisora por la muerte de su compa\u00f1ero \u00a0por \u00a0presunta negligencia ante las malas condiciones del equipo con el que laboraba, a lo que expuso: \u201cEntiendo que el sindicato minoritario est\u00e1 aprovechando\u201d.\u00a0<\/p>\n\n\n\n<p>Al respecto y a trav\u00e9s de sus redes sociales, Arleth Barradas le mencion\u00f3 al titular del ejecutivo que no le han informado de manera correcta.<\/p>\n\n\n\n<p>\u201cQue no lo confundan. El hacer alusi\u00f3n de ello demerita el grave y triste suceso.Aqu\u00ed somos trabajadores y trabajadoras sin siglas , somos compa\u00f1eros y compa\u00f1eras que estamos en duelo, por tanto, apelamos a qu\u00e9 de favor le informen de manera \u00a0correcta para no demeritar el propio hecho\u201d, se\u00f1al\u00f3.<\/p>\n\n\n\n<p>Recrimin\u00f3 que echarle la culpa \u00a0a la anterior administraci\u00f3n que solo dur\u00f3 dos a\u00f1os, por las deplorables y malas condiciones en las que se encuentra la Televisora, mientras que esta administraci\u00f3n realiz\u00f3 su labor en el periodo completo, \u201ccu\u00e1ntos? Ahhh si casi seis !!!!!!. Creo que usted tiene otros datos\u201d.<\/p>\n\n\n\n<p>Finalmente cabe recordar que Abraham Marqu\u00e9z Carmona muri\u00f3 la semana pasada tras caer de unas escaleras mientras laboraba en las oficinas centrales de esa dependencia estatal.<\/p>\n","protected":false},"excerpt":{"rendered":"<p>Dar\u00edo Pale Xalapa, Ver.- Arrecian las protestas en Radiotelevisi\u00f3n de Veracruz (RTV), el gobernador &#8220;tiene otros datos&#8221;, responden trabajadores abuchean al director del canal V\u00edctor Hugo y contin\u00faan exigiendo justicia para su compa\u00f1ero y ver d\u00f3nde est\u00e1 el dinero. El d\u00eda de hoy un grupo de trabajadores protestaron en las instalaciones de Radio Televisi\u00f3n de [&hellip;]<\/p>\n","protected":false},"author":2476,"featured_media":58193,"comment_status":"open","ping_status":"open","sticky":false,"template":"","format":"standard","meta":{"_jetpack_memberships_contains_paid_content":false,"footnotes":""},"categories":[3],"tags":[],"class_list":["post-58192","post","type-post","status-publish","format-standard","has-post-thumbnail","hentry","category-xalapa"],"jetpack_featured_media_url":"https:\/\/encuentroinformativo.com.mx\/wp-content\/uploads\/2024\/09\/IMG-20240903-WA0063.jpg","jetpack_sharing_enabled":true,"jetpack_likes_enabled":true,"amp_enabled":true,"_links":{"self":[{"href":"https:\/\/encuentroinformativo.com.mx\/index.php?rest_route=\/wp\/v2\/posts\/58192","targetHints":{"allow":["GET"]}}],"collection":[{"href":"https:\/\/encuentroinformativo.com.mx\/index.php?rest_route=\/wp\/v2\/posts"}],"about":[{"href":"https:\/\/encuentroinformativo.com.mx\/index.php?rest_route=\/wp\/v2\/types\/post"}],"author":[{"embeddable":true,"href":"https:\/\/encuentroinformativo.com.mx\/index.php?rest_route=\/wp\/v2\/users\/2476"}],"replies":[{"embeddable":true,"href":"https:\/\/encuentroinformativo.com.mx\/index.php?rest_route=%2Fwp%2Fv2%2Fcomments&post=58192"}],"version-history":[{"count":1,"href":"https:\/\/encuentroinformativo.com.mx\/index.php?rest_route=\/wp\/v2\/posts\/58192\/revisions"}],"predecessor-version":[{"id":58194,"href":"https:\/\/encuentroinformativo.com.mx\/index.php?rest_route=\/wp\/v2\/posts\/58192\/revisions\/58194"}],"wp:featuredmedia":[{"embeddable":true,"href":"https:\/\/encuentroinformativo.com.mx\/index.php?rest_route=\/wp\/v2\/media\/58193"}],"wp:attachment":[{"href":"https:\/\/encuentroinformativo.com.mx\/index.php?rest_route=%2Fwp%2Fv2%2Fmedia&parent=58192"}],"wp:term":[{"taxonomy":"category","embeddable":true,"href":"https:\/\/encuentroinformativo.com.mx\/index.php?rest_route=%2Fwp%2Fv2%2Fcategories&post=58192"},{"taxonomy":"post_tag","embeddable":true,"href":"https:\/\/encuentroinformativo.com.mx\/index.php?rest_route=%2Fwp%2Fv2%2Ftags&post=58192"}],"curies":[{"name":"wp","href":"https:\/\/api.w.org\/{rel}","templated":true}]}}