{"id":58195,"date":"2024-09-03T15:46:25","date_gmt":"2024-09-03T21:46:25","guid":{"rendered":"https:\/\/encuentroinformativo.com.mx\/?p=58195"},"modified":"2024-09-03T15:46:31","modified_gmt":"2024-09-03T21:46:31","slug":"niega-rector-entregar-plazas-a-modo-en-la-uv","status":"publish","type":"post","link":"https:\/\/encuentroinformativo.com.mx\/?p=58195","title":{"rendered":"Niega rector entregar plazas &#8220;a modo&#8221; en la UV"},"content":{"rendered":"\n<p><strong>Dar\u00edo Pale <\/strong><\/p>\n\n\n\n<p>Xalapa, Ver.- La Universidad Veracruzana (UV) seguir\u00e1 exigiendo el 4 por ciento de presupuesto total del Gobierno, adem\u00e1s neg\u00f3 que est\u00e9 dando plazas a acad\u00e9micos &#8220;a modo&#8221;, as\u00ed lo dio a conocer el rector de la Universidad, Mart\u00edn Aguilar S\u00e1nchez.<\/p>\n\n\n\n<p>Entrevistado en el marco de la guardia de honor a Miguel Hidalgo, indic\u00f3 que seguir\u00e1n exigiendo al Gobierno de Veracruz, dote el incremento correspondiente al 4 por ciento del presupuesto total del gobierno de Veracruz y no el correspondiente a los recursos de libre dispositivos.<\/p>\n\n\n\n<p>&#8220;Yo pienso que ahorita hay buena disposici\u00f3n, pero asegurarles que vamos a obtener como que todo el recurso, no lo sabemos, pero creo que hay buena disposici\u00f3n&#8221;, se\u00f1al\u00f3.<\/p>\n\n\n\n<p>Llam\u00f3 a las nuevas autoridades a que avancen en la solicitud del 4 por ciento del total del presupuesto general del Estado, ya que la Casa de Estudios ha justificado en qu\u00e9 est\u00e1n usando el dinero de los veracruzanos.<\/p>\n\n\n\n<p>Dijo que al repetir en el cargo el secretario de Finanzas y Planeaci\u00f3n, Jos\u00e9 Luis Lima Franco, ya conoce las necesidades de la Universidad.<\/p>\n\n\n\n<p>&#8220;Esperamos que vayamos avanzando&#8230; hablan (el Gobierno), habla del presupuesto de libre disposici\u00f3n, nosotros hablamos del presupuesto general con una f\u00f3rmula que se ha venido aplicando que es descontar tres rubros: municipios y proyectos federales&#8221;, coment\u00f3.<\/p>\n\n\n\n<p>Dijo que hay apertura por parte de la gobernadora electa, Roc\u00edo Nahle, incluso ya tuvieron un primer acercamiento con ella sobre los proyectos de la Casa de Estudios respecto de la vinculaci\u00f3n social, la importancia de la UV, entre otros.<\/p>\n\n\n\n<p>En otro tema, sobre las inconformidades de los acad\u00e9micos de la facultad de Biolog\u00eda, el Rector defini\u00f3 que es un conflicto interno de la entidad acad\u00e9mica.<\/p>\n\n\n\n<p>&#8220;\u00bfQui\u00e9n quiere poner acad\u00e9micos a modo?, yo no tengo nada que ver. Es un conflicto interno de la propia Facultad, en donde un sector no est\u00e1 de acuerdo en el ejercicio de las plazas&#8221;, dijo en la entrevista.<\/p>\n\n\n\n<p>Sin embargo, dijo que las plazas fueron ratificadas por el Consejo T\u00e9cnico y la Comisi\u00f3n de Honor y Justicia de la Universidad.<\/p>\n\n\n\n<p>En tanto que, por otro lado, los acad\u00e9micos exigen la remoci\u00f3n de la secretaria acad\u00e9mica.<br>Aunque ah\u00ed, reconoci\u00f3, hay un sector que apoya y otro que no est\u00e1 de acuerdo y en ese sentido, explic\u00f3 que algunos hablan de que no hay buen trato de algunos profesores.<\/p>\n\n\n\n<p>Mientras que los estudiantes manifiestan que s\u00ed hay buen trato, por lo tanto, est\u00e1n tratando de mediar y resolver el problema de fondo.<\/p>\n\n\n\n<p>Por \u00faltimo dijo que lo que a su administraci\u00f3n le corresponde es seguir apoyando a la Facultad en seguir viendo lo de las plazas para completar los perfiles de la Facultad y, continuar\u00e1 la negociaci\u00f3n.<\/p>\n","protected":false},"excerpt":{"rendered":"<p>Dar\u00edo Pale Xalapa, Ver.- La Universidad Veracruzana (UV) seguir\u00e1 exigiendo el 4 por ciento de presupuesto total del Gobierno, adem\u00e1s neg\u00f3 que est\u00e9 dando plazas a acad\u00e9micos &#8220;a modo&#8221;, as\u00ed lo dio a conocer el rector de la Universidad, Mart\u00edn Aguilar S\u00e1nchez. Entrevistado en el marco de la guardia de honor a Miguel Hidalgo, indic\u00f3 [&hellip;]<\/p>\n","protected":false},"author":2476,"featured_media":58196,"comment_status":"open","ping_status":"open","sticky":false,"template":"","format":"standard","meta":{"_jetpack_memberships_contains_paid_content":false,"footnotes":""},"categories":[2],"tags":[],"class_list":["post-58195","post","type-post","status-publish","format-standard","has-post-thumbnail","hentry","category-estado"],"jetpack_featured_media_url":"https:\/\/encuentroinformativo.com.mx\/wp-content\/uploads\/2024\/09\/IMG-20240903-WA0067.jpg","jetpack_sharing_enabled":true,"jetpack_likes_enabled":true,"amp_enabled":true,"_links":{"self":[{"href":"https:\/\/encuentroinformativo.com.mx\/index.php?rest_route=\/wp\/v2\/posts\/58195","targetHints":{"allow":["GET"]}}],"collection":[{"href":"https:\/\/encuentroinformativo.com.mx\/index.php?rest_route=\/wp\/v2\/posts"}],"about":[{"href":"https:\/\/encuentroinformativo.com.mx\/index.php?rest_route=\/wp\/v2\/types\/post"}],"author":[{"embeddable":true,"href":"https:\/\/encuentroinformativo.com.mx\/index.php?rest_route=\/wp\/v2\/users\/2476"}],"replies":[{"embeddable":true,"href":"https:\/\/encuentroinformativo.com.mx\/index.php?rest_route=%2Fwp%2Fv2%2Fcomments&post=58195"}],"version-history":[{"count":1,"href":"https:\/\/encuentroinformativo.com.mx\/index.php?rest_route=\/wp\/v2\/posts\/58195\/revisions"}],"predecessor-version":[{"id":58197,"href":"https:\/\/encuentroinformativo.com.mx\/index.php?rest_route=\/wp\/v2\/posts\/58195\/revisions\/58197"}],"wp:featuredmedia":[{"embeddable":true,"href":"https:\/\/encuentroinformativo.com.mx\/index.php?rest_route=\/wp\/v2\/media\/58196"}],"wp:attachment":[{"href":"https:\/\/encuentroinformativo.com.mx\/index.php?rest_route=%2Fwp%2Fv2%2Fmedia&parent=58195"}],"wp:term":[{"taxonomy":"category","embeddable":true,"href":"https:\/\/encuentroinformativo.com.mx\/index.php?rest_route=%2Fwp%2Fv2%2Fcategories&post=58195"},{"taxonomy":"post_tag","embeddable":true,"href":"https:\/\/encuentroinformativo.com.mx\/index.php?rest_route=%2Fwp%2Fv2%2Ftags&post=58195"}],"curies":[{"name":"wp","href":"https:\/\/api.w.org\/{rel}","templated":true}]}}