{"id":5820,"date":"2020-09-14T10:24:50","date_gmt":"2020-09-14T15:24:50","guid":{"rendered":"https:\/\/encuentroinformativo.com.mx\/?p=5820"},"modified":"2020-09-14T10:24:53","modified_gmt":"2020-09-14T15:24:53","slug":"una-foto-en-las-redes","status":"publish","type":"post","link":"https:\/\/encuentroinformativo.com.mx\/?p=5820","title":{"rendered":"Una foto en las redes"},"content":{"rendered":"\n<p><strong>Los Pol\u00edticos<\/strong><\/p>\n\n\n\n<p><strong>Salvador Mu\u00f1oz<\/strong><\/p>\n\n\n\n<p>La foto de Fidel Herrera con Lugo Carrasco, que circul\u00f3 en las redes, me recuerda aquella an\u00e9cdota que cuenta Carlos Ballarta, cuando en una de sus presentaciones en un centro nocturno, le recomiendan, antes de entrar al escenario, que no vaya a contar ning\u00fan chiste sobre personas con Down pues entre los asistentes hay una ni\u00f1a con ese s\u00edndrome. Un poco turbado, porque es uno de sus mejores chistes, responde el estandopero que no se preocupe, que no lo contar\u00e1\u2026 pero ya en el escenario, no se resiste, \u00a1y zaz! \u00a1lo cuenta! Recibe cr\u00edticas del encargado, del p\u00fablico, lo vetan por contar el chiste\u2026 \u00bfy d\u00f3nde est\u00e1 el chiste con la foto de Fidel y Daniel Lugo?<\/p>\n\n\n\n<p>\u00a1Ah, bueno! es que con Ballarta, se le fueron encima quiz\u00e1s envueltos por la indignaci\u00f3n de hacer mofa de un caso como el Down, pero a nadie le hizo ruido que una ni\u00f1a estuviera en un espect\u00e1culo para adultos en un centro nocturno; mientras tanto, cuando los veracruzanos vieron la imagen de Fidel Herrera con Lugo Carrasco, se desbordaron en halagos u ofensas, seg\u00fan el caso, sobre la repentina \u201caparici\u00f3n en redes\u201d del nativo de Nopaltepec, pero nadie se indign\u00f3 de que el ex gobernador, a sabiendas de que ha estado delicado de salud, \u201cse presentara\u201d sin cubrebocas al lado de otra persona, que tampoco guard\u00f3 las medidas de protecci\u00f3n sanitaria impuestas por la pandemia.<\/p>\n\n\n\n<p>Pero esa fotito sacada sepa de d\u00f3nde, es innegable que fue como una bocanada de aire puro en muchos pri\u00edstas, un levant\u00f3n de \u00e1nimo de ver al Comandante, \u201cen redes\u201d, de pie, sonriente como en aquellos tiempos de la plenitud del pinche poder.<\/p>\n\n\n\n<p>Se entiende\u2026 se entiende el \u00e1nimo de la gente que ve en el ex gobernador, a un pol\u00edtico de pies a cabeza, conocedor de los temas, estadista cuando deb\u00eda serlo, y populista, tambi\u00e9n\u2026 por eso el gusto de verlo porque para muchos, el T\u00edo Fide fue Maestro, Amigo, Jefe\u2026<\/p>\n\n\n\n<p>Hace unos d\u00edas, precisamente, una pol\u00edtica me contaba que tendr\u00eda ella casi 18 a\u00f1os cuando en una fiesta, un funcionario que la ven\u00eda acosando, acab\u00f3 por maltratarla e insultarla. La actitud fue tan agresiva que lo \u00fanico que atin\u00f3 fue huir de esa reuni\u00f3n dejando hasta su bolso. Abord\u00f3 un taxi y se dirigi\u00f3 a casa, presa de una crisis de nervios. Sus amigas, con las que compart\u00eda dormitorios, pagaron el taxi y la instaron a que presentara denuncia, mientras ella segu\u00eda en shock\u2026 tras calmarse, se dirigi\u00f3 a la entonces Procuradur\u00eda para acusar a su agresor. La noticia corri\u00f3 como reguero de p\u00f3lvora y no s\u00f3lo lleg\u00f3 a o\u00eddos del Procurador en ese entonces Emeterio L\u00f3pez M\u00e1rquez, sino tambi\u00e9n del mismo Gobernador, Fidel Herrera Beltr\u00e1n, quien llam\u00f3 a esa joven pol\u00edtica. Acudi\u00f3 ella y le cont\u00f3 lo que ocurri\u00f3. El gobernador pidi\u00f3 todo el peso de la Ley contra ese funcionario y as\u00ed se hizo. Ella ten\u00eda miedo, pero Herrera Beltr\u00e1n le dijo que no se preocupara, pero lo m\u00e1s importante: la felicit\u00f3 por haber actuado como lo hizo esa noche: enfrentando a su agresor, y lo m\u00e1s relevante: denunciarlo.<\/p>\n\n\n\n<p>Esto es parte de una an\u00e9cdota de ese pol\u00edtico que tiene m\u00e1s leyendas que la historia de M\u00e9xico, pero quiz\u00e1s por eso, esa foto con Daniel Lugo se celebr\u00f3 tanto, tanto como cuando sali\u00f3 la foto de Miguel \u00c1ngel Yunes M\u00e1rquez dejando vislumbrar de que en estas elecciones que vienen, ha de participar, lo que fue celebrado tambi\u00e9n por sus seguidores\u2026 o como recientemente aqu\u00ed en Xalapa, se festej\u00f3 la aparici\u00f3n de Am\u00e9rico Z\u00fa\u00f1iga Mart\u00ednez, con el siguiente mensaje: \u201cEsta ma\u00f1ana iniciamos algunas actividades en Xalapa con el buen amigo Am\u00e9rico Z\u00fa\u00f1iga. Seguimos escuchando a Xalapa. Vamos a recuperar la capital. La ruta est\u00e1 trazada\u201d, escrib\u00eda Miguel Mac\u00edas Parra en su facebook.<\/p>\n\n\n\n<p>S\u00ed, as\u00ed parece\u2026 cada pol\u00edtico representa para algunos o para muchos la esperanza\u2026 o la nostalgia\u2026 y dicho sea de paso, con el respeto que merecen todos, enemigos, amigos, compa\u00f1eros, y hasta quienes conocieron el peso de la Ley v\u00eda su mandato, es seguro que m\u00e1s que Chiquiyunes y Am\u00e9rico, T\u00edo Fide se siga extra\u00f1ando tan s\u00f3lo por la forma del Hacer y Ser Pol\u00edtico que lograba a la hora de tener la pinche plenitud del poder y que estoy seguro, se prepar\u00f3 para ser y hacer pol\u00edtico, sin tener la pinche plenitud del poder\u2026 y el ejemplo ah\u00ed est\u00e1\u2026 una foto en las redes.<\/p>\n\n\n\n<p><a href=\"mailto:smcainito@gmail.com\" target=\"_blank\" rel=\"noreferrer noopener\">smcainito@gmail.com<\/a><\/p>\n","protected":false},"excerpt":{"rendered":"<p>Los Pol\u00edticos Salvador Mu\u00f1oz La foto de Fidel Herrera con Lugo Carrasco, que circul\u00f3 en las redes, me recuerda aquella an\u00e9cdota que cuenta Carlos Ballarta, cuando en una de sus presentaciones en un centro nocturno, le recomiendan, antes de entrar al escenario, que no vaya a contar ning\u00fan chiste sobre personas con Down pues entre [&hellip;]<\/p>\n","protected":false},"author":1,"featured_media":387,"comment_status":"open","ping_status":"open","sticky":false,"template":"","format":"aside","meta":{"_jetpack_memberships_contains_paid_content":false,"footnotes":""},"categories":[11],"tags":[],"class_list":["post-5820","post","type-post","status-publish","format-aside","has-post-thumbnail","hentry","category-opinion","post_format-post-format-aside"],"jetpack_featured_media_url":"https:\/\/encuentroinformativo.com.mx\/wp-content\/uploads\/2020\/03\/7CF8A22B-2764-47BE-8F7F-38FE9E5D6A2F.jpeg","jetpack_sharing_enabled":true,"jetpack_likes_enabled":true,"amp_enabled":true,"_links":{"self":[{"href":"https:\/\/encuentroinformativo.com.mx\/index.php?rest_route=\/wp\/v2\/posts\/5820","targetHints":{"allow":["GET"]}}],"collection":[{"href":"https:\/\/encuentroinformativo.com.mx\/index.php?rest_route=\/wp\/v2\/posts"}],"about":[{"href":"https:\/\/encuentroinformativo.com.mx\/index.php?rest_route=\/wp\/v2\/types\/post"}],"author":[{"embeddable":true,"href":"https:\/\/encuentroinformativo.com.mx\/index.php?rest_route=\/wp\/v2\/users\/1"}],"replies":[{"embeddable":true,"href":"https:\/\/encuentroinformativo.com.mx\/index.php?rest_route=%2Fwp%2Fv2%2Fcomments&post=5820"}],"version-history":[{"count":1,"href":"https:\/\/encuentroinformativo.com.mx\/index.php?rest_route=\/wp\/v2\/posts\/5820\/revisions"}],"predecessor-version":[{"id":5821,"href":"https:\/\/encuentroinformativo.com.mx\/index.php?rest_route=\/wp\/v2\/posts\/5820\/revisions\/5821"}],"wp:featuredmedia":[{"embeddable":true,"href":"https:\/\/encuentroinformativo.com.mx\/index.php?rest_route=\/wp\/v2\/media\/387"}],"wp:attachment":[{"href":"https:\/\/encuentroinformativo.com.mx\/index.php?rest_route=%2Fwp%2Fv2%2Fmedia&parent=5820"}],"wp:term":[{"taxonomy":"category","embeddable":true,"href":"https:\/\/encuentroinformativo.com.mx\/index.php?rest_route=%2Fwp%2Fv2%2Fcategories&post=5820"},{"taxonomy":"post_tag","embeddable":true,"href":"https:\/\/encuentroinformativo.com.mx\/index.php?rest_route=%2Fwp%2Fv2%2Ftags&post=5820"}],"curies":[{"name":"wp","href":"https:\/\/api.w.org\/{rel}","templated":true}]}}