{"id":58201,"date":"2024-09-03T16:28:39","date_gmt":"2024-09-03T22:28:39","guid":{"rendered":"https:\/\/encuentroinformativo.com.mx\/?p=58201"},"modified":"2024-09-03T16:28:43","modified_gmt":"2024-09-03T22:28:43","slug":"jovenes-unidos-todos-marchan-a-favor-de-la-reforma-judicial-en-xalapa","status":"publish","type":"post","link":"https:\/\/encuentroinformativo.com.mx\/?p=58201","title":{"rendered":"J\u00f3venes Unidos Todos marchan a favor de la Reforma Judicial en Xalapa"},"content":{"rendered":"\n<p>Xalapa, Ver., Cientos de j\u00f3venes se unieron en una sola voz para mostrar su apoyo a la Reforma al Poder Judicial, caminaron y expresaron que es momento de un cambio en beneficio del pueblo.<\/p>\n\n\n\n<p>Avanzaron hasta llegar al centro de la capital del estado, convencidos de luchar siempre en beneficio de las clases menos favorecidas.<\/p>\n\n\n\n<p>Por su parte, Jennifer Joyce Garc\u00eda Esquivel, Secretaria de Mujeres del Comit\u00e9 Ejecutivo Estatal de Morena Veracruz, revel\u00f3 que se siente contenta de ver a j\u00f3venes informados e interesados en participar en la reforma.<\/p>\n\n\n\n<p>\u201cEl gobierno de Andr\u00e9s Manuel L\u00f3pez Obrador apost\u00f3 much\u00edsimo a los j\u00f3venes y esperamos que los que hoy marchan sean en unos a\u00f1os los que encabecen el poder judicial\u201d, dijo.<\/p>\n\n\n\n<p>Reconoci\u00f3 que la poblaci\u00f3n joven es el alma de la agrupaci\u00f3n Unidos Todos. Asimismo, Hilary Caballero Dom\u00ednguez, estudiante de la licenciatura en Derecho expres\u00f3 su emoci\u00f3n de ver un gran n\u00famero de personas preocupados y ocupados con el cambio.<\/p>\n\n\n\n<p>\u201cEs lo mejor que pudo haber pasado, la reforma al poder judicial permitir\u00e1 que esos lugares lejanos para el pueblo, sean m\u00e1s f\u00e1ciles de alcanzar, es momento de cambiar\u201d, revel\u00f3.<\/p>\n\n\n\n<p>Finalmente, Jorge Emilio Lozano P\u00e9rez, de ocupaci\u00f3n estudiante revel\u00f3 el orgullo que siente durante su participaci\u00f3n, y resalt\u00f3 la importancia de que hoy si son escuchados. Enfatizando que Unidos Todos lograremos llegar m\u00e1s lejos.<\/p>\n\n\n\n<p>\u201cAnteriormente nadie nos tomaba en cuenta y es importante que unidos todos unamos nuestras voces para ser escuchados, recomiendo a todos leer la reforma, evitar la desinformaci\u00f3n y apelemos a la conciencia de los salarios tan altos de los ministros\u201d, puntualiz\u00f3.<\/p>\n\n\n\n<figure class=\"wp-block-image size-large\"><img loading=\"lazy\" decoding=\"async\" width=\"1024\" height=\"682\" src=\"https:\/\/encuentroinformativo.com.mx\/wp-content\/uploads\/2024\/09\/1000376403-1024x682.jpg\" alt=\"\" class=\"wp-image-58203\" srcset=\"https:\/\/encuentroinformativo.com.mx\/wp-content\/uploads\/2024\/09\/1000376403-1024x682.jpg 1024w, https:\/\/encuentroinformativo.com.mx\/wp-content\/uploads\/2024\/09\/1000376403-300x200.jpg 300w, https:\/\/encuentroinformativo.com.mx\/wp-content\/uploads\/2024\/09\/1000376403-768x512.jpg 768w, https:\/\/encuentroinformativo.com.mx\/wp-content\/uploads\/2024\/09\/1000376403-1536x1023.jpg 1536w, https:\/\/encuentroinformativo.com.mx\/wp-content\/uploads\/2024\/09\/1000376403.jpg 1600w\" sizes=\"auto, (max-width: 1024px) 100vw, 1024px\" \/><\/figure>\n","protected":false},"excerpt":{"rendered":"<p>Xalapa, Ver., Cientos de j\u00f3venes se unieron en una sola voz para mostrar su apoyo a la Reforma al Poder Judicial, caminaron y expresaron que es momento de un cambio en beneficio del pueblo. Avanzaron hasta llegar al centro de la capital del estado, convencidos de luchar siempre en beneficio de las clases menos favorecidas. [&hellip;]<\/p>\n","protected":false},"author":2476,"featured_media":58202,"comment_status":"open","ping_status":"open","sticky":false,"template":"","format":"standard","meta":{"_jetpack_memberships_contains_paid_content":false,"footnotes":""},"categories":[3],"tags":[],"class_list":["post-58201","post","type-post","status-publish","format-standard","has-post-thumbnail","hentry","category-xalapa"],"jetpack_featured_media_url":"https:\/\/encuentroinformativo.com.mx\/wp-content\/uploads\/2024\/09\/IMG-20240903-WA0105.jpg","jetpack_sharing_enabled":true,"jetpack_likes_enabled":true,"amp_enabled":true,"_links":{"self":[{"href":"https:\/\/encuentroinformativo.com.mx\/index.php?rest_route=\/wp\/v2\/posts\/58201","targetHints":{"allow":["GET"]}}],"collection":[{"href":"https:\/\/encuentroinformativo.com.mx\/index.php?rest_route=\/wp\/v2\/posts"}],"about":[{"href":"https:\/\/encuentroinformativo.com.mx\/index.php?rest_route=\/wp\/v2\/types\/post"}],"author":[{"embeddable":true,"href":"https:\/\/encuentroinformativo.com.mx\/index.php?rest_route=\/wp\/v2\/users\/2476"}],"replies":[{"embeddable":true,"href":"https:\/\/encuentroinformativo.com.mx\/index.php?rest_route=%2Fwp%2Fv2%2Fcomments&post=58201"}],"version-history":[{"count":1,"href":"https:\/\/encuentroinformativo.com.mx\/index.php?rest_route=\/wp\/v2\/posts\/58201\/revisions"}],"predecessor-version":[{"id":58204,"href":"https:\/\/encuentroinformativo.com.mx\/index.php?rest_route=\/wp\/v2\/posts\/58201\/revisions\/58204"}],"wp:featuredmedia":[{"embeddable":true,"href":"https:\/\/encuentroinformativo.com.mx\/index.php?rest_route=\/wp\/v2\/media\/58202"}],"wp:attachment":[{"href":"https:\/\/encuentroinformativo.com.mx\/index.php?rest_route=%2Fwp%2Fv2%2Fmedia&parent=58201"}],"wp:term":[{"taxonomy":"category","embeddable":true,"href":"https:\/\/encuentroinformativo.com.mx\/index.php?rest_route=%2Fwp%2Fv2%2Fcategories&post=58201"},{"taxonomy":"post_tag","embeddable":true,"href":"https:\/\/encuentroinformativo.com.mx\/index.php?rest_route=%2Fwp%2Fv2%2Ftags&post=58201"}],"curies":[{"name":"wp","href":"https:\/\/api.w.org\/{rel}","templated":true}]}}