{"id":58207,"date":"2024-09-03T16:34:14","date_gmt":"2024-09-03T22:34:14","guid":{"rendered":"https:\/\/encuentroinformativo.com.mx\/?p=58207"},"modified":"2024-09-03T16:34:20","modified_gmt":"2024-09-03T22:34:20","slug":"en-medellin-de-bravo-memo-ac-inicia-jornadas-de-salud-visual","status":"publish","type":"post","link":"https:\/\/encuentroinformativo.com.mx\/?p=58207","title":{"rendered":"En Medell\u00edn de Bravo, Memo AC inicia Jornadas de Salud Visual"},"content":{"rendered":"\n<p><strong>Alejandro \u00c1vila<\/strong><\/p>\n\n\n\n<p>Medell\u00edn de Bravo, Ver.- La Asociaci\u00f3n Civil MEMO que preside el empresario Guillermo Herrada Jim\u00e9nez en sinergia con \u00d3pticas del Puerto, ofrecer\u00e1 a las familias del municipio de Medell\u00edn de Bravo servicios de salud visual accesibles y de calidad a la comunidad.<\/p>\n\n\n\n<p>Las Jornadas de Salud Visual constan de ex\u00e1menes de la vista gratuitos, asesor\u00eda personalizada y descuentos especiales en monturas y lentes. Esta colaboraci\u00f3n entre Memo AC y \u00d3pticas del Puerto se enmarca en el compromiso de ambas organizaciones por mejorar la calidad de vida de los medellinenses, especialmente en un momento en que la salud visual es m\u00e1s importante que nunca.<\/p>\n\n\n\n<p>\u201cEstamos muy emocionados de poder llevar a cabo estas jornadas en conjunto con \u00d3pticas del Puerto. Creemos que la salud visual es un derecho fundamental y queremos asegurarnos de que todas las familias de Medell\u00edn tengan acceso a servicios de calidad\u201d, afirm\u00f3 Memo Herrada.<\/p>\n\n\n\n<p>Las jornadas se realizar\u00e1n en las diferentes localidades de Medell\u00edn, facilitando el acceso a las familias que m\u00e1s lo necesitan. Adem\u00e1s, se llevar\u00e1n a cabo actividades educativas sobre la importancia del cuidado de la vista y la prevenci\u00f3n de enfermedades oculares.<\/p>\n\n\n\n<p>\u201cEs muy importante resaltar que nuestra alianza con \u00d3pticas del Puerto es porque es una empresa reconocida,establecida y con mucha tradici\u00f3n en la zona metropolitana, por ello para m\u00ed era prioridad el realizar estas jornadas con un empresario que nos diera garant\u00eda de los trabajos, por ello, quienes quieran, pueden acudir a cualquier sucursal para que en caso de alg\u00fan da\u00f1o poder hacer uso de la garant\u00eda\u201d, concluy\u00f3 Herrada Jim\u00e9nez.<\/p>\n\n\n\n<p>De igual forma la Asociaci\u00f3n Civil MEMO, exhorta a todos los medellinenses a mantenerse atentos a sus redes sociales, para as\u00ed conocer las fechas y horarios donde el m\u00f3dulo acudir\u00e1 a las comunidades.<\/p>\n","protected":false},"excerpt":{"rendered":"<p>Alejandro \u00c1vila Medell\u00edn de Bravo, Ver.- La Asociaci\u00f3n Civil MEMO que preside el empresario Guillermo Herrada Jim\u00e9nez en sinergia con \u00d3pticas del Puerto, ofrecer\u00e1 a las familias del municipio de Medell\u00edn de Bravo servicios de salud visual accesibles y de calidad a la comunidad. Las Jornadas de Salud Visual constan de ex\u00e1menes de la vista [&hellip;]<\/p>\n","protected":false},"author":2476,"featured_media":58206,"comment_status":"open","ping_status":"open","sticky":false,"template":"","format":"standard","meta":{"_jetpack_memberships_contains_paid_content":false,"footnotes":""},"categories":[9],"tags":[],"class_list":["post-58207","post","type-post","status-publish","format-standard","has-post-thumbnail","hentry","category-salud"],"jetpack_featured_media_url":"https:\/\/encuentroinformativo.com.mx\/wp-content\/uploads\/2024\/09\/IMG-20240903-WA0118.jpg","jetpack_sharing_enabled":true,"jetpack_likes_enabled":true,"amp_enabled":true,"_links":{"self":[{"href":"https:\/\/encuentroinformativo.com.mx\/index.php?rest_route=\/wp\/v2\/posts\/58207","targetHints":{"allow":["GET"]}}],"collection":[{"href":"https:\/\/encuentroinformativo.com.mx\/index.php?rest_route=\/wp\/v2\/posts"}],"about":[{"href":"https:\/\/encuentroinformativo.com.mx\/index.php?rest_route=\/wp\/v2\/types\/post"}],"author":[{"embeddable":true,"href":"https:\/\/encuentroinformativo.com.mx\/index.php?rest_route=\/wp\/v2\/users\/2476"}],"replies":[{"embeddable":true,"href":"https:\/\/encuentroinformativo.com.mx\/index.php?rest_route=%2Fwp%2Fv2%2Fcomments&post=58207"}],"version-history":[{"count":1,"href":"https:\/\/encuentroinformativo.com.mx\/index.php?rest_route=\/wp\/v2\/posts\/58207\/revisions"}],"predecessor-version":[{"id":58209,"href":"https:\/\/encuentroinformativo.com.mx\/index.php?rest_route=\/wp\/v2\/posts\/58207\/revisions\/58209"}],"wp:featuredmedia":[{"embeddable":true,"href":"https:\/\/encuentroinformativo.com.mx\/index.php?rest_route=\/wp\/v2\/media\/58206"}],"wp:attachment":[{"href":"https:\/\/encuentroinformativo.com.mx\/index.php?rest_route=%2Fwp%2Fv2%2Fmedia&parent=58207"}],"wp:term":[{"taxonomy":"category","embeddable":true,"href":"https:\/\/encuentroinformativo.com.mx\/index.php?rest_route=%2Fwp%2Fv2%2Fcategories&post=58207"},{"taxonomy":"post_tag","embeddable":true,"href":"https:\/\/encuentroinformativo.com.mx\/index.php?rest_route=%2Fwp%2Fv2%2Ftags&post=58207"}],"curies":[{"name":"wp","href":"https:\/\/api.w.org\/{rel}","templated":true}]}}