{"id":58210,"date":"2024-09-03T16:39:11","date_gmt":"2024-09-03T22:39:11","guid":{"rendered":"https:\/\/encuentroinformativo.com.mx\/?p=58210"},"modified":"2024-09-03T16:39:17","modified_gmt":"2024-09-03T22:39:17","slug":"grupo-mas-tiene-miles-quejas-por-altas-tarifas-diputada","status":"publish","type":"post","link":"https:\/\/encuentroinformativo.com.mx\/?p=58210","title":{"rendered":"Grupo MAS tiene miles quejas por altas tarifas: Diputada"},"content":{"rendered":"\n<p><strong>Alejandro \u00c1vila<\/strong><\/p>\n\n\n\n<p>Veracruz, Ver.- En la \u00faltima semana, durante un Foro realizado por la diputada de Morena, Norma Mendoza Gonz\u00e1lez, la legisladora recibi\u00f3 m\u00e1s de 100 quejas en contra de Grupo MAS por las altas tarifas y la mala calidad del agua.<\/p>\n\n\n\n<p>La legisladora jarocha dio a conocer que se llev\u00f3 a cabo el Foro de Expresi\u00f3n Ciudadana en donde se recibieron alrededor de cien personas que requieren asesor\u00eda legal o ten\u00edan alguna queja en contra del servicio de Grupo MAS agua en las ciudades de Veracruz y Medell\u00edn de Bravo; sumando as\u00ed m\u00e1s de mil denuncias en contra de la empresa que mantiene una concesi\u00f3n por la administraci\u00f3n del agua del municipio de Veracruz por m\u00e1s de 30 a\u00f1os.<\/p>\n\n\n\n<p>&#8220;Se atienden los excesivos cobros de agua y todas aquellas situaciones que se presenten en los domicilios de las personas afectadas, ya que vemos que muchas veces son casas abandonadas y tienen adeudos por m\u00e1s de 100 mil pesos por arbitrariedades del Grupo MAS&#8221;.<\/p>\n\n\n\n<p>Record\u00f3 que a todas las personas atendidas se les apoya para sus situaciones con referencia el servicio del agua en la zona conurbada, en esta primera fase.<\/p>\n\n\n\n<p>Posteriormente, se toma la decisi\u00f3n en base a cada caso si se interpone un amparo o se toma alguna otra acci\u00f3n legal en favor de los usuarios afectados.<\/p>\n\n\n\n<p>&#8220;Se les da asesor\u00eda legal a todos los que tengan quejas con el servicio del agua y se les atienda para darles voz a los ciudadanos para que se les apoye y se les de voz en el Congreso&#8221;.<\/p>\n\n\n\n<p>La legisladora, que preside la Comisi\u00f3n de Agua Potable y Saneamiento en el Congreso local, record\u00f3 que a la fecha la empresa no ha efectuado ninguna inversi\u00f3n para el mantenimiento de la red hidr\u00e1ulica por lo que las quejas han ido en aumento.<\/p>\n\n\n\n<p>Declar\u00f3 que ello dej\u00f3 en evidencia \u201clas terribles fallas\u201d en las que incurre la empresa.<\/p>\n\n\n\n<p>Por \u00faltimo, la legisladora veracruzana asever\u00f3 que son demasiadas las quejas de los usuarios por el deficiente servicio que presta la concesionaria, as\u00ed como los abusos y atropellos en los que incurre, por lo que expuso que al momento ya es jur\u00eddica y socialmente insostenible la permanencia del Grupo MAS.<\/p>\n","protected":false},"excerpt":{"rendered":"<p>Alejandro \u00c1vila Veracruz, Ver.- En la \u00faltima semana, durante un Foro realizado por la diputada de Morena, Norma Mendoza Gonz\u00e1lez, la legisladora recibi\u00f3 m\u00e1s de 100 quejas en contra de Grupo MAS por las altas tarifas y la mala calidad del agua. La legisladora jarocha dio a conocer que se llev\u00f3 a cabo el Foro [&hellip;]<\/p>\n","protected":false},"author":2476,"featured_media":58211,"comment_status":"open","ping_status":"open","sticky":false,"template":"","format":"standard","meta":{"_jetpack_memberships_contains_paid_content":false,"footnotes":""},"categories":[2],"tags":[],"class_list":["post-58210","post","type-post","status-publish","format-standard","has-post-thumbnail","hentry","category-estado"],"jetpack_featured_media_url":"https:\/\/encuentroinformativo.com.mx\/wp-content\/uploads\/2024\/09\/IMG-20240903-WA01122.jpg","jetpack_sharing_enabled":true,"jetpack_likes_enabled":true,"amp_enabled":true,"_links":{"self":[{"href":"https:\/\/encuentroinformativo.com.mx\/index.php?rest_route=\/wp\/v2\/posts\/58210","targetHints":{"allow":["GET"]}}],"collection":[{"href":"https:\/\/encuentroinformativo.com.mx\/index.php?rest_route=\/wp\/v2\/posts"}],"about":[{"href":"https:\/\/encuentroinformativo.com.mx\/index.php?rest_route=\/wp\/v2\/types\/post"}],"author":[{"embeddable":true,"href":"https:\/\/encuentroinformativo.com.mx\/index.php?rest_route=\/wp\/v2\/users\/2476"}],"replies":[{"embeddable":true,"href":"https:\/\/encuentroinformativo.com.mx\/index.php?rest_route=%2Fwp%2Fv2%2Fcomments&post=58210"}],"version-history":[{"count":1,"href":"https:\/\/encuentroinformativo.com.mx\/index.php?rest_route=\/wp\/v2\/posts\/58210\/revisions"}],"predecessor-version":[{"id":58212,"href":"https:\/\/encuentroinformativo.com.mx\/index.php?rest_route=\/wp\/v2\/posts\/58210\/revisions\/58212"}],"wp:featuredmedia":[{"embeddable":true,"href":"https:\/\/encuentroinformativo.com.mx\/index.php?rest_route=\/wp\/v2\/media\/58211"}],"wp:attachment":[{"href":"https:\/\/encuentroinformativo.com.mx\/index.php?rest_route=%2Fwp%2Fv2%2Fmedia&parent=58210"}],"wp:term":[{"taxonomy":"category","embeddable":true,"href":"https:\/\/encuentroinformativo.com.mx\/index.php?rest_route=%2Fwp%2Fv2%2Fcategories&post=58210"},{"taxonomy":"post_tag","embeddable":true,"href":"https:\/\/encuentroinformativo.com.mx\/index.php?rest_route=%2Fwp%2Fv2%2Ftags&post=58210"}],"curies":[{"name":"wp","href":"https:\/\/api.w.org\/{rel}","templated":true}]}}