{"id":58213,"date":"2024-09-03T16:48:17","date_gmt":"2024-09-03T22:48:17","guid":{"rendered":"https:\/\/encuentroinformativo.com.mx\/?p=58213"},"modified":"2024-09-03T16:48:22","modified_gmt":"2024-09-03T22:48:22","slug":"gobernador-se-olvida-de-ediles-morenos-en-veracruz-puerto-senala-regidora","status":"publish","type":"post","link":"https:\/\/encuentroinformativo.com.mx\/?p=58213","title":{"rendered":"Gobernador se olvida de Ediles Morenos en Veracruz puerto, se\u00f1ala Regidora"},"content":{"rendered":"\n<p><strong>Alejandro \u00c1vila<\/strong><\/p>\n\n\n\n<p>Veracruz, Ver.- La regidora del Ayuntamiento de Veracruz Lissethe Mart\u00ednez Echeverr\u00eda lament\u00f3 que el aparato gubernamental que encabeza Cuitl\u00e1huac Garc\u00eda Jim\u00e9nez se olvide de invitarlos a los eventos que se realizan en el municipio donde ellos residen.<\/p>\n\n\n\n<p>La edil de Morena expuso que es de llamar la atenci\u00f3n el hecho de que no se les tome en cuenta en la mayor\u00eda de los eventos del Gobierno de Veracruz, siendo ellos la oposici\u00f3n m\u00e1s importante de todo el Estado, ya que representan un grupo nutrido de la Cuarta Transformaci\u00f3n en un municipio gobernado por el Partido Acci\u00f3n Nacional (PAN).<\/p>\n\n\n\n<p>&#8220;Pues no hemos sido requeridos, no nos mandan una invitaci\u00f3n, la verdad que la coyuntura no ha sido lo que uno esperaba, los seis regidores de la bancada de Morena que hemos estado trabajando fuerte desde el d\u00eda 1 en la administraci\u00f3n la municipal, pues es lamentable que no tengamos una invitaci\u00f3n, sin embargo si veo que est\u00e1 la alcaldesa en este tipo de actividades, obviamente al ser municipio de mayor importancia en nuestro estado y que tenemos seis representantes de movimiento de regeneraci\u00f3n nacional y que hemos sido oposici\u00f3n ah\u00ed en el Cabildo, una oposici\u00f3n fuerte y a\u00fan as\u00ed no hemos recibido una invitaci\u00f3n, quiero pensar que se les olvida que estamos por ac\u00e1&#8221;, se\u00f1al\u00f3.<\/p>\n\n\n\n<p>A meses de que termine la gesti\u00f3n Cuitl\u00e1huac Garc\u00eda Jim\u00e9nez y tome posici\u00f3n como primera gobernadora del Estado de Veracruz, Roc\u00edo Nahle Garc\u00eda, la regidora, Lissethe Mart\u00ednez Echeverr\u00eda, declar\u00f3 que continuar\u00e1 con su labor diaria, siendo el v\u00ednculo entre los jarochos y los entes estatales y municipales con la finalidad de mejorar el entorno de los ciudadanos.<\/p>\n\n\n\n<p>&#8220;Cu\u00e1ndo se piden apoyos para poder solucionar ciertos temas como actividades culturales o festivales que organiza el Gobierno del Estado, creo que ah\u00ed s\u00ed nos recuerdan&#8221;, culmin\u00f3<\/p>\n","protected":false},"excerpt":{"rendered":"<p>Alejandro \u00c1vila Veracruz, Ver.- La regidora del Ayuntamiento de Veracruz Lissethe Mart\u00ednez Echeverr\u00eda lament\u00f3 que el aparato gubernamental que encabeza Cuitl\u00e1huac Garc\u00eda Jim\u00e9nez se olvide de invitarlos a los eventos que se realizan en el municipio donde ellos residen. La edil de Morena expuso que es de llamar la atenci\u00f3n el hecho de que no [&hellip;]<\/p>\n","protected":false},"author":2476,"featured_media":58214,"comment_status":"open","ping_status":"open","sticky":false,"template":"","format":"standard","meta":{"_jetpack_memberships_contains_paid_content":false,"footnotes":""},"categories":[2],"tags":[],"class_list":["post-58213","post","type-post","status-publish","format-standard","has-post-thumbnail","hentry","category-estado"],"jetpack_featured_media_url":"https:\/\/encuentroinformativo.com.mx\/wp-content\/uploads\/2024\/09\/IMG-20240903-WA0111.jpg","jetpack_sharing_enabled":true,"jetpack_likes_enabled":true,"amp_enabled":true,"_links":{"self":[{"href":"https:\/\/encuentroinformativo.com.mx\/index.php?rest_route=\/wp\/v2\/posts\/58213","targetHints":{"allow":["GET"]}}],"collection":[{"href":"https:\/\/encuentroinformativo.com.mx\/index.php?rest_route=\/wp\/v2\/posts"}],"about":[{"href":"https:\/\/encuentroinformativo.com.mx\/index.php?rest_route=\/wp\/v2\/types\/post"}],"author":[{"embeddable":true,"href":"https:\/\/encuentroinformativo.com.mx\/index.php?rest_route=\/wp\/v2\/users\/2476"}],"replies":[{"embeddable":true,"href":"https:\/\/encuentroinformativo.com.mx\/index.php?rest_route=%2Fwp%2Fv2%2Fcomments&post=58213"}],"version-history":[{"count":1,"href":"https:\/\/encuentroinformativo.com.mx\/index.php?rest_route=\/wp\/v2\/posts\/58213\/revisions"}],"predecessor-version":[{"id":58215,"href":"https:\/\/encuentroinformativo.com.mx\/index.php?rest_route=\/wp\/v2\/posts\/58213\/revisions\/58215"}],"wp:featuredmedia":[{"embeddable":true,"href":"https:\/\/encuentroinformativo.com.mx\/index.php?rest_route=\/wp\/v2\/media\/58214"}],"wp:attachment":[{"href":"https:\/\/encuentroinformativo.com.mx\/index.php?rest_route=%2Fwp%2Fv2%2Fmedia&parent=58213"}],"wp:term":[{"taxonomy":"category","embeddable":true,"href":"https:\/\/encuentroinformativo.com.mx\/index.php?rest_route=%2Fwp%2Fv2%2Fcategories&post=58213"},{"taxonomy":"post_tag","embeddable":true,"href":"https:\/\/encuentroinformativo.com.mx\/index.php?rest_route=%2Fwp%2Fv2%2Ftags&post=58213"}],"curies":[{"name":"wp","href":"https:\/\/api.w.org\/{rel}","templated":true}]}}