{"id":58216,"date":"2024-09-03T16:54:53","date_gmt":"2024-09-03T22:54:53","guid":{"rendered":"https:\/\/encuentroinformativo.com.mx\/?p=58216"},"modified":"2024-09-03T16:55:00","modified_gmt":"2024-09-03T22:55:00","slug":"victor-manuelle-se-presentara-en-veracruz","status":"publish","type":"post","link":"https:\/\/encuentroinformativo.com.mx\/?p=58216","title":{"rendered":"Victor Manuelle se presentar\u00e1 en Veracruz"},"content":{"rendered":"\n<p><strong>Alejandro \u00c1vila<\/strong><\/p>\n\n\n\n<p>Veracruz, Ver.- El &#8220;Sonero de la Juventud&#8221;, V\u00edctor Manuelle se presentar\u00e1 el pr\u00f3ximo 21 de septiembre en el World Trade Center de Boca del R\u00edo en la celebraci\u00f3n del 30 aniversario del centro de convenciones.<\/p>\n\n\n\n<p>El evento ser\u00e1 totalmente gratuito y en pr\u00f3ximas fechas estar\u00e1 dando una plataforma para que las personas puedan descargar dos boletos por persona para su acceso al inmueble y disfrutar del concierto.<\/p>\n\n\n\n<p>Cabe mencionar que el cantante puertorrique\u00f1o tiene contrato vigente con el Gobierno del Estado de Veracruz, pues deb\u00eda presentarse en el Festival de la Salsa 2024; sin embargo, por cuestiones climatol\u00f3gicas no pudo salir del estado de Florida en los Estados Unidos, por lo que se reprogram\u00f3 su concierto para este mes de septiembre.<\/p>\n\n\n\n<p>El evento ser\u00e1 organizado por la Secretar\u00eda de Turismo de Veracruz que encabeza Iv\u00e1n Francisco Mart\u00ednez Olvera, donde los asistentes podr\u00e1n disfrutar de canciones como, &#8220;Tengo ganas de volver a enamorarme&#8221;, &#8220;As\u00ed es la mujer que amo&#8221;, entre otras.<\/p>\n","protected":false},"excerpt":{"rendered":"<p>Alejandro \u00c1vila Veracruz, Ver.- El &#8220;Sonero de la Juventud&#8221;, V\u00edctor Manuelle se presentar\u00e1 el pr\u00f3ximo 21 de septiembre en el World Trade Center de Boca del R\u00edo en la celebraci\u00f3n del 30 aniversario del centro de convenciones. El evento ser\u00e1 totalmente gratuito y en pr\u00f3ximas fechas estar\u00e1 dando una plataforma para que las personas puedan [&hellip;]<\/p>\n","protected":false},"author":2476,"featured_media":58217,"comment_status":"open","ping_status":"open","sticky":false,"template":"","format":"standard","meta":{"_jetpack_memberships_contains_paid_content":false,"footnotes":""},"categories":[2],"tags":[],"class_list":["post-58216","post","type-post","status-publish","format-standard","has-post-thumbnail","hentry","category-estado"],"jetpack_featured_media_url":"https:\/\/encuentroinformativo.com.mx\/wp-content\/uploads\/2024\/09\/IMG-20240903-WA0130.jpg","jetpack_sharing_enabled":true,"jetpack_likes_enabled":true,"amp_enabled":true,"_links":{"self":[{"href":"https:\/\/encuentroinformativo.com.mx\/index.php?rest_route=\/wp\/v2\/posts\/58216","targetHints":{"allow":["GET"]}}],"collection":[{"href":"https:\/\/encuentroinformativo.com.mx\/index.php?rest_route=\/wp\/v2\/posts"}],"about":[{"href":"https:\/\/encuentroinformativo.com.mx\/index.php?rest_route=\/wp\/v2\/types\/post"}],"author":[{"embeddable":true,"href":"https:\/\/encuentroinformativo.com.mx\/index.php?rest_route=\/wp\/v2\/users\/2476"}],"replies":[{"embeddable":true,"href":"https:\/\/encuentroinformativo.com.mx\/index.php?rest_route=%2Fwp%2Fv2%2Fcomments&post=58216"}],"version-history":[{"count":1,"href":"https:\/\/encuentroinformativo.com.mx\/index.php?rest_route=\/wp\/v2\/posts\/58216\/revisions"}],"predecessor-version":[{"id":58218,"href":"https:\/\/encuentroinformativo.com.mx\/index.php?rest_route=\/wp\/v2\/posts\/58216\/revisions\/58218"}],"wp:featuredmedia":[{"embeddable":true,"href":"https:\/\/encuentroinformativo.com.mx\/index.php?rest_route=\/wp\/v2\/media\/58217"}],"wp:attachment":[{"href":"https:\/\/encuentroinformativo.com.mx\/index.php?rest_route=%2Fwp%2Fv2%2Fmedia&parent=58216"}],"wp:term":[{"taxonomy":"category","embeddable":true,"href":"https:\/\/encuentroinformativo.com.mx\/index.php?rest_route=%2Fwp%2Fv2%2Fcategories&post=58216"},{"taxonomy":"post_tag","embeddable":true,"href":"https:\/\/encuentroinformativo.com.mx\/index.php?rest_route=%2Fwp%2Fv2%2Ftags&post=58216"}],"curies":[{"name":"wp","href":"https:\/\/api.w.org\/{rel}","templated":true}]}}