{"id":58225,"date":"2024-09-04T11:33:20","date_gmt":"2024-09-04T17:33:20","guid":{"rendered":"https:\/\/encuentroinformativo.com.mx\/?p=58225"},"modified":"2024-09-04T11:33:25","modified_gmt":"2024-09-04T17:33:25","slug":"requieren-mas-personal-para-asilo-de-ancianos-cogra","status":"publish","type":"post","link":"https:\/\/encuentroinformativo.com.mx\/?p=58225","title":{"rendered":"Requieren m\u00e1s personal para asilo de ancianos Cogra"},"content":{"rendered":"\n<p><strong>Alejandro \u00c1vila<\/strong><\/p>\n\n\n\n<p>Veracruz, Ver.- El personal que labora en el Asilo de Ancianos Cogra es insuficiente para atender a m\u00e1s de 80 abuelitos, se\u00f1al\u00f3 la directora de la casa de asistencia, Mar\u00eda Teresa Mendoza Infanz\u00f3n.<\/p>\n\n\n\n<p>En ese sentido, expuso que carecen de enfermeros, pues tuvieron que prescindir de ellos ya que los costos por sus servicios son muy altos.<\/p>\n\n\n\n<p>&#8220;El personal ahorita no es suficiente en el grande, porque en el grande tenemos sesenta y tantos, y solamente tenemos 11 personas que nos apoyan, nadie quiere ir a ba\u00f1ar, nadie quiere ir a cambiar pa\u00f1ales sucios. La verdad, en ese sentido, hay enfermeros que quieren trabajar pero quieren cobrar muy caro y, no tenemos para pagar una cantidad exagerada. En total, tenemos como 89 ancianos entre Cogra y otras dos casas&#8221;, puntualiz\u00f3.<\/p>\n\n\n\n<p>Joyce Mumenthey, directora de la Compa\u00f1ia Veracruzana de Opera, mencion\u00f3 que el pr\u00f3ximo 13 de septiembre en el hotel Veracruz a las 6 de la tarde, se realizar\u00e1 un concierto denominado &#8220;Serenata a la Patria&#8221; donde todo lo recaudado ser\u00e1 entregado al Asilo de Ancianos Cogra.<\/p>\n\n\n\n<p>&#8220;Es bien importante que los grupos art\u00edsticos veracruzanos apoyemos a diferentes causas sociales, de verdad para nosotros es un honor poder hacerlo, poder contribuir a trav\u00e9s de nuestro talento&#8221;, culmin\u00f3.<\/p>\n","protected":false},"excerpt":{"rendered":"<p>Alejandro \u00c1vila Veracruz, Ver.- El personal que labora en el Asilo de Ancianos Cogra es insuficiente para atender a m\u00e1s de 80 abuelitos, se\u00f1al\u00f3 la directora de la casa de asistencia, Mar\u00eda Teresa Mendoza Infanz\u00f3n. En ese sentido, expuso que carecen de enfermeros, pues tuvieron que prescindir de ellos ya que los costos por sus [&hellip;]<\/p>\n","protected":false},"author":2476,"featured_media":58226,"comment_status":"open","ping_status":"open","sticky":false,"template":"","format":"standard","meta":{"_jetpack_memberships_contains_paid_content":false,"footnotes":""},"categories":[2],"tags":[],"class_list":["post-58225","post","type-post","status-publish","format-standard","has-post-thumbnail","hentry","category-estado"],"jetpack_featured_media_url":"https:\/\/encuentroinformativo.com.mx\/wp-content\/uploads\/2024\/09\/IMG-20240904-WA00192.jpg","jetpack_sharing_enabled":true,"jetpack_likes_enabled":true,"amp_enabled":true,"_links":{"self":[{"href":"https:\/\/encuentroinformativo.com.mx\/index.php?rest_route=\/wp\/v2\/posts\/58225","targetHints":{"allow":["GET"]}}],"collection":[{"href":"https:\/\/encuentroinformativo.com.mx\/index.php?rest_route=\/wp\/v2\/posts"}],"about":[{"href":"https:\/\/encuentroinformativo.com.mx\/index.php?rest_route=\/wp\/v2\/types\/post"}],"author":[{"embeddable":true,"href":"https:\/\/encuentroinformativo.com.mx\/index.php?rest_route=\/wp\/v2\/users\/2476"}],"replies":[{"embeddable":true,"href":"https:\/\/encuentroinformativo.com.mx\/index.php?rest_route=%2Fwp%2Fv2%2Fcomments&post=58225"}],"version-history":[{"count":1,"href":"https:\/\/encuentroinformativo.com.mx\/index.php?rest_route=\/wp\/v2\/posts\/58225\/revisions"}],"predecessor-version":[{"id":58227,"href":"https:\/\/encuentroinformativo.com.mx\/index.php?rest_route=\/wp\/v2\/posts\/58225\/revisions\/58227"}],"wp:featuredmedia":[{"embeddable":true,"href":"https:\/\/encuentroinformativo.com.mx\/index.php?rest_route=\/wp\/v2\/media\/58226"}],"wp:attachment":[{"href":"https:\/\/encuentroinformativo.com.mx\/index.php?rest_route=%2Fwp%2Fv2%2Fmedia&parent=58225"}],"wp:term":[{"taxonomy":"category","embeddable":true,"href":"https:\/\/encuentroinformativo.com.mx\/index.php?rest_route=%2Fwp%2Fv2%2Fcategories&post=58225"},{"taxonomy":"post_tag","embeddable":true,"href":"https:\/\/encuentroinformativo.com.mx\/index.php?rest_route=%2Fwp%2Fv2%2Ftags&post=58225"}],"curies":[{"name":"wp","href":"https:\/\/api.w.org\/{rel}","templated":true}]}}