{"id":58231,"date":"2024-09-04T12:08:52","date_gmt":"2024-09-04T18:08:52","guid":{"rendered":"https:\/\/encuentroinformativo.com.mx\/?p=58231"},"modified":"2024-09-04T12:08:57","modified_gmt":"2024-09-04T18:08:57","slug":"atiende-sev-pagos-pendientes-de-seguros-afirma-oficial-mayor","status":"publish","type":"post","link":"https:\/\/encuentroinformativo.com.mx\/?p=58231","title":{"rendered":"Atiende SEV pagos pendientes de seguros, afirma Oficial Mayor"},"content":{"rendered":"\n<p><strong>Dar\u00edo Pale <\/strong><\/p>\n\n\n\n<p>Xalapa, Ver.- La oficial mayor de la Secretar\u00eda de Educaci\u00f3n de Veracruz (SEV), Ariana Selene Amaya dio a conocer que, la dependencia a\u00fan adeuda entre 600 y 700 mdp de lo del seguro pero ya todos cuentan con una aseguradora nacional a la cual no tienen acceso.<\/p>\n\n\n\n<p>Entrevistado posterior a la guardia de honor en el monumento a Don Miguel Hidalgo I Costilla, coment\u00f3 que no hay ning\u00fan pendiente con los del seguros de loa jubilados y pensionados ya que lo est\u00e1n atendiendo y que ya est\u00e1n incorporados a la p\u00f3liza nacional.<\/p>\n\n\n\n<p>Ya dialogaron con ella y &#8220;ha habido ah\u00ed un retraso en el pago porque la aseguradora que estaba se declar\u00f3 que no pod\u00eda pagar por el tema del COVID pero ya se est\u00e1 en negociaciones para que se cubra lo m\u00e1s pronto posible, estamos dialogando con los maestros esos pendientes no se van a quedar&#8221;.<\/p>\n\n\n\n<p>Dio a conocer que los integrantes un grupo son solo 8 personas, ya lo est\u00e1n viendo con ellos y lo van a ver con todos los maestros, por lo que se\u00f1al\u00f3 que deben estar tranquilos de que hay cobertura y que el gobernador lo dar\u00e1 a conocer en su momento.<\/p>\n\n\n\n<p>Asegur\u00f3 que antes de que concluya esa administraci\u00f3n quedar\u00e1n resuelto ese tema y todos los dem\u00e1s, neg\u00f3 que desde hace tres a\u00f1os que no haya una aseguradora eso es mentir y que est\u00e1n cubriendo los pagos con la aseguradora hasta la fecha y est\u00e1n viendo la incorporaci\u00f3n a la incorporaci\u00f3n a lo consolidado nacional.<\/p>\n\n\n\n<p>Se\u00f1al\u00f3 que los ha recibido en muchas ocasiones, en diferentes lugares y que los bloqueos se deben a que hay una p\u00f3liza pero como es consolidada nacional no la tienen aqu\u00ed est\u00e1 en la Ciudad de M\u00e9xico, y ellos no tienen esa p\u00f3liza.<\/p>\n\n\n\n<p>Cuando llegaron a la presente administraci\u00f3n hab\u00eda un adeudo de m\u00e1s de mil 500 millones de pesos de los a\u00f1os anteriores y han estado dando abonos y eso no les tocaba a ellos y es un tema de justicia social y han pagado m\u00e1s de 400 millones de pesos y lo que adeudan son aproximadamente entre 600 y 700 mdp.<\/p>\n\n\n\n<p>&#8220;Se increment\u00f3 la taza de mortandad que era de 2.3 por ciento en general para toda la poblaci\u00f3n y bueno pues eso se aplica a todos los maestros y a todos los maestros activos se les ha cubierto, tienen cobertura, todos lo maestros que son los jubilados y pensionados&#8221;, coment\u00f3.<\/p>\n\n\n\n<p>Finalmente dio a conocer que ya les presentaron un documento y est\u00e1n aceptando esa incorporaci\u00f3n est\u00e1n en el tema administrativo para el pago y que les van a pagar puntualmente a cada uno.<\/p>\n","protected":false},"excerpt":{"rendered":"<p>Dar\u00edo Pale Xalapa, Ver.- La oficial mayor de la Secretar\u00eda de Educaci\u00f3n de Veracruz (SEV), Ariana Selene Amaya dio a conocer que, la dependencia a\u00fan adeuda entre 600 y 700 mdp de lo del seguro pero ya todos cuentan con una aseguradora nacional a la cual no tienen acceso. Entrevistado posterior a la guardia de [&hellip;]<\/p>\n","protected":false},"author":2476,"featured_media":58232,"comment_status":"open","ping_status":"open","sticky":false,"template":"","format":"standard","meta":{"_jetpack_memberships_contains_paid_content":false,"footnotes":""},"categories":[2],"tags":[],"class_list":["post-58231","post","type-post","status-publish","format-standard","has-post-thumbnail","hentry","category-estado"],"jetpack_featured_media_url":"https:\/\/encuentroinformativo.com.mx\/wp-content\/uploads\/2024\/09\/IMG-20240904-WA0027.jpg","jetpack_sharing_enabled":true,"jetpack_likes_enabled":true,"amp_enabled":true,"_links":{"self":[{"href":"https:\/\/encuentroinformativo.com.mx\/index.php?rest_route=\/wp\/v2\/posts\/58231","targetHints":{"allow":["GET"]}}],"collection":[{"href":"https:\/\/encuentroinformativo.com.mx\/index.php?rest_route=\/wp\/v2\/posts"}],"about":[{"href":"https:\/\/encuentroinformativo.com.mx\/index.php?rest_route=\/wp\/v2\/types\/post"}],"author":[{"embeddable":true,"href":"https:\/\/encuentroinformativo.com.mx\/index.php?rest_route=\/wp\/v2\/users\/2476"}],"replies":[{"embeddable":true,"href":"https:\/\/encuentroinformativo.com.mx\/index.php?rest_route=%2Fwp%2Fv2%2Fcomments&post=58231"}],"version-history":[{"count":1,"href":"https:\/\/encuentroinformativo.com.mx\/index.php?rest_route=\/wp\/v2\/posts\/58231\/revisions"}],"predecessor-version":[{"id":58233,"href":"https:\/\/encuentroinformativo.com.mx\/index.php?rest_route=\/wp\/v2\/posts\/58231\/revisions\/58233"}],"wp:featuredmedia":[{"embeddable":true,"href":"https:\/\/encuentroinformativo.com.mx\/index.php?rest_route=\/wp\/v2\/media\/58232"}],"wp:attachment":[{"href":"https:\/\/encuentroinformativo.com.mx\/index.php?rest_route=%2Fwp%2Fv2%2Fmedia&parent=58231"}],"wp:term":[{"taxonomy":"category","embeddable":true,"href":"https:\/\/encuentroinformativo.com.mx\/index.php?rest_route=%2Fwp%2Fv2%2Fcategories&post=58231"},{"taxonomy":"post_tag","embeddable":true,"href":"https:\/\/encuentroinformativo.com.mx\/index.php?rest_route=%2Fwp%2Fv2%2Ftags&post=58231"}],"curies":[{"name":"wp","href":"https:\/\/api.w.org\/{rel}","templated":true}]}}