{"id":58237,"date":"2024-09-04T12:20:07","date_gmt":"2024-09-04T18:20:07","guid":{"rendered":"https:\/\/encuentroinformativo.com.mx\/?p=58237"},"modified":"2024-09-04T12:20:13","modified_gmt":"2024-09-04T18:20:13","slug":"anuncian-perreo-patriota-en-el-puerto","status":"publish","type":"post","link":"https:\/\/encuentroinformativo.com.mx\/?p=58237","title":{"rendered":"Anuncian  \u00a1Perreo Patriota! en el puerto"},"content":{"rendered":"\n<p><strong>Alejandro \u00c1vila<\/strong><\/p>\n\n\n\n<p>Veracruz, Ver.- El domingo 15 de septiembre el reguet\u00f3n se pondr\u00e1 muy mexicano en este patri\u00f3tico mes con los m\u00e1ximos exponentes veracruzanos del gustado g\u00e9nero musical.<\/p>\n\n\n\n<p>En conferencia de prensa realizada en el sal\u00f3n Mantra, se anunci\u00f3 la fiesta de reguer\u00f3n \u201cPerreo Patriota\u201d contando con la estelar presentaci\u00f3n de Carit BR.<\/p>\n\n\n\n<p>Complementaran esta noche de intenso reguet\u00f3n: Lirika Urbana, Maga\u00f1ola; como invitados especiales Fullbrand; adem\u00e1s de DJs y otros invitados.<\/p>\n\n\n\n<p>\u201cSer\u00e1 una gran fiesta de reguet\u00f3n donde habr\u00e1 mucho perreo, flow y chupe, por lo que los invitamos a que est\u00e9n en este d\u00eda tan especial para M\u00e9xico porque aqu\u00ed tambi\u00e9n daremos el Grito de Independencia pero al ritmo de reguet\u00f3n\u201d, comentaron los organizadores.<\/p>\n\n\n\n<p>Cabe destacar que Ya! FM 102.9, apoyando el g\u00e9nero del reguet\u00f3n y al talento veracruzano, se suma a esta fiesta, por lo que no dejes de sintonizarlos y seguir sus redes sociales para ganar tus accesos.<\/p>\n\n\n\n<p>Presidieron la conferencia de prensa realizada en el sal\u00f3n Mantra: Sol Gonzalez, directora art\u00edstica de Ya! FM 102.9; El\u00edas Kayser y Nidia Mart\u00ednez, integrante del comit\u00e9 organizador; el cantante y compositor de reguet\u00f3n Carit BR as\u00ed como el talento veracruzano Maga\u00f1ola.<\/p>\n\n\n\n<p>Perreo Patriota este domingo 15 de septiembre\/ 21:00 horas\/ Sal\u00f3n Mantra ubicado en la calzada Costa Verde No.572 Boca del R\u00edo, Veracruz.<\/p>\n","protected":false},"excerpt":{"rendered":"<p>Alejandro \u00c1vila Veracruz, Ver.- El domingo 15 de septiembre el reguet\u00f3n se pondr\u00e1 muy mexicano en este patri\u00f3tico mes con los m\u00e1ximos exponentes veracruzanos del gustado g\u00e9nero musical. En conferencia de prensa realizada en el sal\u00f3n Mantra, se anunci\u00f3 la fiesta de reguer\u00f3n \u201cPerreo Patriota\u201d contando con la estelar presentaci\u00f3n de Carit BR. Complementaran esta [&hellip;]<\/p>\n","protected":false},"author":2476,"featured_media":58238,"comment_status":"open","ping_status":"open","sticky":false,"template":"","format":"standard","meta":{"_jetpack_memberships_contains_paid_content":false,"footnotes":""},"categories":[2],"tags":[],"class_list":["post-58237","post","type-post","status-publish","format-standard","has-post-thumbnail","hentry","category-estado"],"jetpack_featured_media_url":"https:\/\/encuentroinformativo.com.mx\/wp-content\/uploads\/2024\/09\/IMG-20240904-WA00412.jpg","jetpack_sharing_enabled":true,"jetpack_likes_enabled":true,"amp_enabled":true,"_links":{"self":[{"href":"https:\/\/encuentroinformativo.com.mx\/index.php?rest_route=\/wp\/v2\/posts\/58237","targetHints":{"allow":["GET"]}}],"collection":[{"href":"https:\/\/encuentroinformativo.com.mx\/index.php?rest_route=\/wp\/v2\/posts"}],"about":[{"href":"https:\/\/encuentroinformativo.com.mx\/index.php?rest_route=\/wp\/v2\/types\/post"}],"author":[{"embeddable":true,"href":"https:\/\/encuentroinformativo.com.mx\/index.php?rest_route=\/wp\/v2\/users\/2476"}],"replies":[{"embeddable":true,"href":"https:\/\/encuentroinformativo.com.mx\/index.php?rest_route=%2Fwp%2Fv2%2Fcomments&post=58237"}],"version-history":[{"count":1,"href":"https:\/\/encuentroinformativo.com.mx\/index.php?rest_route=\/wp\/v2\/posts\/58237\/revisions"}],"predecessor-version":[{"id":58239,"href":"https:\/\/encuentroinformativo.com.mx\/index.php?rest_route=\/wp\/v2\/posts\/58237\/revisions\/58239"}],"wp:featuredmedia":[{"embeddable":true,"href":"https:\/\/encuentroinformativo.com.mx\/index.php?rest_route=\/wp\/v2\/media\/58238"}],"wp:attachment":[{"href":"https:\/\/encuentroinformativo.com.mx\/index.php?rest_route=%2Fwp%2Fv2%2Fmedia&parent=58237"}],"wp:term":[{"taxonomy":"category","embeddable":true,"href":"https:\/\/encuentroinformativo.com.mx\/index.php?rest_route=%2Fwp%2Fv2%2Fcategories&post=58237"},{"taxonomy":"post_tag","embeddable":true,"href":"https:\/\/encuentroinformativo.com.mx\/index.php?rest_route=%2Fwp%2Fv2%2Ftags&post=58237"}],"curies":[{"name":"wp","href":"https:\/\/api.w.org\/{rel}","templated":true}]}}