{"id":58243,"date":"2024-09-04T12:47:21","date_gmt":"2024-09-04T18:47:21","guid":{"rendered":"https:\/\/encuentroinformativo.com.mx\/?p=58243"},"modified":"2024-09-04T12:47:27","modified_gmt":"2024-09-04T18:47:27","slug":"con-apoyo-del-ayuntamiento-se-celebra-90-aniversario-del-hogar-infantil-gaston-melo","status":"publish","type":"post","link":"https:\/\/encuentroinformativo.com.mx\/?p=58243","title":{"rendered":"Con apoyo del Ayuntamiento se celebra 90 aniversario del Hogar Infantil \u201cGast\u00f3n Melo\u201d"},"content":{"rendered":"\n<p>Xalapa, Ver.- Con el fin de organizar diversas actividades culturales para conmemorar el 90 aniversario del Hogar Infantil \u201cGast\u00f3n Melo\u201d, el presidente municipal Ricardo Ahued Bardahuil se reuni\u00f3 con integrantes del grupo de voluntarias de esta instituci\u00f3n.<\/p>\n\n\n\n<p>Ante el alcalde suplente, Alberto Islas Reyes, y el regidor Daniel Fern\u00e1ndez Carri\u00f3n, la presidenta del grupo, Lourdes Graillet de Figueiras, dio a conocer que esta fue la primera guarder\u00eda que se constituy\u00f3 en Xalapa y para celebrarlo, el pr\u00f3ximo 23 y 24 de octubre se llevar\u00e1 a cabo una serie de actividades con apoyo de la Direcci\u00f3n de Cultura.<\/p>\n","protected":false},"excerpt":{"rendered":"<p>Xalapa, Ver.- Con el fin de organizar diversas actividades culturales para conmemorar el 90 aniversario del Hogar Infantil \u201cGast\u00f3n Melo\u201d, el presidente municipal Ricardo Ahued Bardahuil se reuni\u00f3 con integrantes del grupo de voluntarias de esta instituci\u00f3n. Ante el alcalde suplente, Alberto Islas Reyes, y el regidor Daniel Fern\u00e1ndez Carri\u00f3n, la presidenta del grupo, Lourdes [&hellip;]<\/p>\n","protected":false},"author":2476,"featured_media":58244,"comment_status":"open","ping_status":"open","sticky":false,"template":"","format":"standard","meta":{"_jetpack_memberships_contains_paid_content":false,"footnotes":""},"categories":[2],"tags":[],"class_list":["post-58243","post","type-post","status-publish","format-standard","has-post-thumbnail","hentry","category-estado"],"jetpack_featured_media_url":"https:\/\/encuentroinformativo.com.mx\/wp-content\/uploads\/2024\/09\/IMG-20240904-WA00332-scaled.jpg","jetpack_sharing_enabled":true,"jetpack_likes_enabled":true,"amp_enabled":true,"_links":{"self":[{"href":"https:\/\/encuentroinformativo.com.mx\/index.php?rest_route=\/wp\/v2\/posts\/58243","targetHints":{"allow":["GET"]}}],"collection":[{"href":"https:\/\/encuentroinformativo.com.mx\/index.php?rest_route=\/wp\/v2\/posts"}],"about":[{"href":"https:\/\/encuentroinformativo.com.mx\/index.php?rest_route=\/wp\/v2\/types\/post"}],"author":[{"embeddable":true,"href":"https:\/\/encuentroinformativo.com.mx\/index.php?rest_route=\/wp\/v2\/users\/2476"}],"replies":[{"embeddable":true,"href":"https:\/\/encuentroinformativo.com.mx\/index.php?rest_route=%2Fwp%2Fv2%2Fcomments&post=58243"}],"version-history":[{"count":1,"href":"https:\/\/encuentroinformativo.com.mx\/index.php?rest_route=\/wp\/v2\/posts\/58243\/revisions"}],"predecessor-version":[{"id":58245,"href":"https:\/\/encuentroinformativo.com.mx\/index.php?rest_route=\/wp\/v2\/posts\/58243\/revisions\/58245"}],"wp:featuredmedia":[{"embeddable":true,"href":"https:\/\/encuentroinformativo.com.mx\/index.php?rest_route=\/wp\/v2\/media\/58244"}],"wp:attachment":[{"href":"https:\/\/encuentroinformativo.com.mx\/index.php?rest_route=%2Fwp%2Fv2%2Fmedia&parent=58243"}],"wp:term":[{"taxonomy":"category","embeddable":true,"href":"https:\/\/encuentroinformativo.com.mx\/index.php?rest_route=%2Fwp%2Fv2%2Fcategories&post=58243"},{"taxonomy":"post_tag","embeddable":true,"href":"https:\/\/encuentroinformativo.com.mx\/index.php?rest_route=%2Fwp%2Fv2%2Ftags&post=58243"}],"curies":[{"name":"wp","href":"https:\/\/api.w.org\/{rel}","templated":true}]}}