{"id":58246,"date":"2024-09-04T13:30:16","date_gmt":"2024-09-04T19:30:16","guid":{"rendered":"https:\/\/encuentroinformativo.com.mx\/?p=58246"},"modified":"2024-09-04T13:30:23","modified_gmt":"2024-09-04T19:30:23","slug":"tras-aprobacion-de-reforma-continuan-protestas-trabajadores-del-poder-judicial","status":"publish","type":"post","link":"https:\/\/encuentroinformativo.com.mx\/?p=58246","title":{"rendered":"Tras aprobaci\u00f3n de Reforma, contin\u00faan protestas trabajadores del Poder Judicial"},"content":{"rendered":"\n<p><strong>Dar\u00edo Pale<\/strong><\/p>\n\n\n\n<p>Xalapa, Ver.- Se manifiestan frente al Congreso del Estado y marchan por las calles los Trabajadores del Poder Judicial Federal en contra de la reforma judicial impulsada por el presidente Andr\u00e9s Manuel L\u00f3pez Obrador.\u00a0<\/p>\n\n\n\n<p>Las marcha se llev\u00f3 a cabo con consignas que reflejaban su preocupaci\u00f3n por el futuro de la justicia en M\u00e9xico.<\/p>\n\n\n\n<p>La aprobaci\u00f3n de esta reforma ha sido un punto de tensi\u00f3n entre el gobierno federal y el Poder Judicial, con cr\u00edticas que se\u00f1alan que podr\u00eda debilitar las estructuras encargadas de impartir justicia de manera imparcial.<\/p>\n\n\n\n<p>La reforma, que ha generado gran controversia, fue aprobada ayer por la C\u00e1mara de Diputados, lo que intensific\u00f3 las protestas en diversas partes del pa\u00eds.<\/p>\n\n\n\n<p>Los manifestantes, en su mayor\u00eda empleados del Poder Judicial, marcharon por las calles de Xalapa hasta llegar al Congreso del estado donde expresaron su rechazo a los cambios propuestos, argumentando que afectar\u00e1n la autonom\u00eda e independencia de la instituci\u00f3n.\u00a0<\/p>\n\n\n\n<p>A pesar de la aprobaci\u00f3n en la C\u00e1mara de Diputados, los trabajadores del Poder Judicial han advertido que continuar\u00e1n con sus manifestaciones en defensa de la independencia judicial.<\/p>\n\n\n\n<figure class=\"wp-block-image size-large\"><img loading=\"lazy\" decoding=\"async\" width=\"1024\" height=\"768\" src=\"https:\/\/encuentroinformativo.com.mx\/wp-content\/uploads\/2024\/09\/1000377147-1024x768.jpg\" alt=\"\" class=\"wp-image-58248\" srcset=\"https:\/\/encuentroinformativo.com.mx\/wp-content\/uploads\/2024\/09\/1000377147-1024x768.jpg 1024w, https:\/\/encuentroinformativo.com.mx\/wp-content\/uploads\/2024\/09\/1000377147-300x225.jpg 300w, https:\/\/encuentroinformativo.com.mx\/wp-content\/uploads\/2024\/09\/1000377147-768x576.jpg 768w, https:\/\/encuentroinformativo.com.mx\/wp-content\/uploads\/2024\/09\/1000377147-1536x1152.jpg 1536w, https:\/\/encuentroinformativo.com.mx\/wp-content\/uploads\/2024\/09\/1000377147.jpg 1600w\" sizes=\"auto, (max-width: 1024px) 100vw, 1024px\" \/><\/figure>\n","protected":false},"excerpt":{"rendered":"<p>Dar\u00edo Pale Xalapa, Ver.- Se manifiestan frente al Congreso del Estado y marchan por las calles los Trabajadores del Poder Judicial Federal en contra de la reforma judicial impulsada por el presidente Andr\u00e9s Manuel L\u00f3pez Obrador.\u00a0 Las marcha se llev\u00f3 a cabo con consignas que reflejaban su preocupaci\u00f3n por el futuro de la justicia en [&hellip;]<\/p>\n","protected":false},"author":2476,"featured_media":58247,"comment_status":"open","ping_status":"open","sticky":false,"template":"","format":"standard","meta":{"_jetpack_memberships_contains_paid_content":false,"footnotes":""},"categories":[2],"tags":[],"class_list":["post-58246","post","type-post","status-publish","format-standard","has-post-thumbnail","hentry","category-estado"],"jetpack_featured_media_url":"https:\/\/encuentroinformativo.com.mx\/wp-content\/uploads\/2024\/09\/IMG-20240904-WA0068.jpg","jetpack_sharing_enabled":true,"jetpack_likes_enabled":true,"amp_enabled":true,"_links":{"self":[{"href":"https:\/\/encuentroinformativo.com.mx\/index.php?rest_route=\/wp\/v2\/posts\/58246","targetHints":{"allow":["GET"]}}],"collection":[{"href":"https:\/\/encuentroinformativo.com.mx\/index.php?rest_route=\/wp\/v2\/posts"}],"about":[{"href":"https:\/\/encuentroinformativo.com.mx\/index.php?rest_route=\/wp\/v2\/types\/post"}],"author":[{"embeddable":true,"href":"https:\/\/encuentroinformativo.com.mx\/index.php?rest_route=\/wp\/v2\/users\/2476"}],"replies":[{"embeddable":true,"href":"https:\/\/encuentroinformativo.com.mx\/index.php?rest_route=%2Fwp%2Fv2%2Fcomments&post=58246"}],"version-history":[{"count":1,"href":"https:\/\/encuentroinformativo.com.mx\/index.php?rest_route=\/wp\/v2\/posts\/58246\/revisions"}],"predecessor-version":[{"id":58249,"href":"https:\/\/encuentroinformativo.com.mx\/index.php?rest_route=\/wp\/v2\/posts\/58246\/revisions\/58249"}],"wp:featuredmedia":[{"embeddable":true,"href":"https:\/\/encuentroinformativo.com.mx\/index.php?rest_route=\/wp\/v2\/media\/58247"}],"wp:attachment":[{"href":"https:\/\/encuentroinformativo.com.mx\/index.php?rest_route=%2Fwp%2Fv2%2Fmedia&parent=58246"}],"wp:term":[{"taxonomy":"category","embeddable":true,"href":"https:\/\/encuentroinformativo.com.mx\/index.php?rest_route=%2Fwp%2Fv2%2Fcategories&post=58246"},{"taxonomy":"post_tag","embeddable":true,"href":"https:\/\/encuentroinformativo.com.mx\/index.php?rest_route=%2Fwp%2Fv2%2Ftags&post=58246"}],"curies":[{"name":"wp","href":"https:\/\/api.w.org\/{rel}","templated":true}]}}