{"id":5825,"date":"2020-09-14T11:51:54","date_gmt":"2020-09-14T16:51:54","guid":{"rendered":"https:\/\/encuentroinformativo.com.mx\/?p=5825"},"modified":"2020-09-14T11:51:57","modified_gmt":"2020-09-14T16:51:57","slug":"que-la-nueva-normalidad-no-signifique-un-rebrote-cuitlahuac-garcia","status":"publish","type":"post","link":"https:\/\/encuentroinformativo.com.mx\/?p=5825","title":{"rendered":"Que la nueva normalidad no signifique un rebrote: Cuitl\u00e1huac Garc\u00eda"},"content":{"rendered":"\n<p><strong>Redacci\u00f3n\u00a0<\/strong><\/p>\n\n\n\n<p>Xalapa, Ver.- Ante el sem\u00e1foro naranja que se mantiene para la entidad veracruzana, el gobernador Cuitl\u00e1huac Garc\u00eda Jim\u00e9nez hizo un llamado a la ciudadan\u00eda para mantener las medidas de sanidad necesarias en combate al Covid-19.&nbsp;<\/p>\n\n\n\n<p>En conferencia de prensa, efectuada en el patio central de Palacio de Gobierno, el ejecutivo estatal reconoci\u00f3 que se debe mantener precauci\u00f3n con las fiestas y no usar de pretexto los festejos alusivos al tradicional Grito de Independencia.&nbsp;<\/p>\n\n\n\n<p>Motivo por el cual coment\u00f3: \u201cTener precauci\u00f3n con las fiestas, las reuniones de familias de varios hogares\u2026 que la nueva normalidad no signifique un rebrote\u201d.<\/p>\n\n\n\n<p>Con el inicio oficial del sem\u00e1foro naranja, no bajar la guardia, enfatiz\u00f3.<\/p>\n\n\n\n<p>Garc\u00eda Jim\u00e9nez apunt\u00f3 que es responsabilidad de cada Ayuntamiento poner en marcha las medidas de la nueva normalidad dentro de sus municipios. &nbsp;<\/p>\n","protected":false},"excerpt":{"rendered":"<p>Redacci\u00f3n\u00a0 Xalapa, Ver.- Ante el sem\u00e1foro naranja que se mantiene para la entidad veracruzana, el gobernador Cuitl\u00e1huac Garc\u00eda Jim\u00e9nez hizo un llamado a la ciudadan\u00eda para mantener las medidas de sanidad necesarias en combate al Covid-19.&nbsp; En conferencia de prensa, efectuada en el patio central de Palacio de Gobierno, el ejecutivo estatal reconoci\u00f3 que se [&hellip;]<\/p>\n","protected":false},"author":1,"featured_media":5826,"comment_status":"open","ping_status":"open","sticky":false,"template":"","format":"aside","meta":{"_jetpack_memberships_contains_paid_content":false,"footnotes":""},"categories":[9],"tags":[],"class_list":["post-5825","post","type-post","status-publish","format-aside","has-post-thumbnail","hentry","category-salud","post_format-post-format-aside"],"jetpack_featured_media_url":"https:\/\/encuentroinformativo.com.mx\/wp-content\/uploads\/2020\/09\/ADB67FF2-BB2A-4C5D-A297-AA43E4C45DE5.jpeg","jetpack_sharing_enabled":true,"jetpack_likes_enabled":true,"amp_enabled":true,"_links":{"self":[{"href":"https:\/\/encuentroinformativo.com.mx\/index.php?rest_route=\/wp\/v2\/posts\/5825","targetHints":{"allow":["GET"]}}],"collection":[{"href":"https:\/\/encuentroinformativo.com.mx\/index.php?rest_route=\/wp\/v2\/posts"}],"about":[{"href":"https:\/\/encuentroinformativo.com.mx\/index.php?rest_route=\/wp\/v2\/types\/post"}],"author":[{"embeddable":true,"href":"https:\/\/encuentroinformativo.com.mx\/index.php?rest_route=\/wp\/v2\/users\/1"}],"replies":[{"embeddable":true,"href":"https:\/\/encuentroinformativo.com.mx\/index.php?rest_route=%2Fwp%2Fv2%2Fcomments&post=5825"}],"version-history":[{"count":1,"href":"https:\/\/encuentroinformativo.com.mx\/index.php?rest_route=\/wp\/v2\/posts\/5825\/revisions"}],"predecessor-version":[{"id":5827,"href":"https:\/\/encuentroinformativo.com.mx\/index.php?rest_route=\/wp\/v2\/posts\/5825\/revisions\/5827"}],"wp:featuredmedia":[{"embeddable":true,"href":"https:\/\/encuentroinformativo.com.mx\/index.php?rest_route=\/wp\/v2\/media\/5826"}],"wp:attachment":[{"href":"https:\/\/encuentroinformativo.com.mx\/index.php?rest_route=%2Fwp%2Fv2%2Fmedia&parent=5825"}],"wp:term":[{"taxonomy":"category","embeddable":true,"href":"https:\/\/encuentroinformativo.com.mx\/index.php?rest_route=%2Fwp%2Fv2%2Fcategories&post=5825"},{"taxonomy":"post_tag","embeddable":true,"href":"https:\/\/encuentroinformativo.com.mx\/index.php?rest_route=%2Fwp%2Fv2%2Ftags&post=5825"}],"curies":[{"name":"wp","href":"https:\/\/api.w.org\/{rel}","templated":true}]}}