{"id":58259,"date":"2024-09-05T13:04:37","date_gmt":"2024-09-05T19:04:37","guid":{"rendered":"https:\/\/encuentroinformativo.com.mx\/?p=58259"},"modified":"2024-09-05T13:04:42","modified_gmt":"2024-09-05T19:04:42","slug":"invitan-a-celebrar-mes-patrio-en-lienzo-charro","status":"publish","type":"post","link":"https:\/\/encuentroinformativo.com.mx\/?p=58259","title":{"rendered":"Invitan a celebrar mes patrio en Lienzo Charro"},"content":{"rendered":"\n<p><strong>Dar\u00edo Pale <\/strong><\/p>\n\n\n\n<p>Xalapa, Ver.- El presidente del Consejo de Turismo, Cultura y Deporte de Veracruz, Mauricio Cuevas Gayosso, dio a conocer que el Lienzo Charro de Xalapa, llevar\u00e1 a cabo dos grandes charreadas, el 14 de septiembre pr\u00f3ximo.<\/p>\n\n\n\n<p>En conferencia de prensa, se dio a conocer que los eventos se estar\u00e1n realizando a las 10:30 horas y a las 14:30 horas, en las instalaciones del Lienzo Charro, en la calle R\u00edo Jamapa s\/n, entrando por la avenida Murillo Vidal.<\/p>\n\n\n\n<p>La intenci\u00f3n es celebrar el D\u00eda Internacional del Charro, por lo que se espera una participaci\u00f3n de unos cien charros, as\u00ed como escaramuzas ejecutando las 9 suertes tales como cola de caballo, los piales, las colas, terna, manganas a pie, manganas a caballo, jineteo de yegua y de toro y el paso de la muerte.<\/p>\n\n\n\n<p>En este circuito estar\u00e1n participando Rancho Vista Hermosa de Emilio Carranza; El Perr\u00f3n de Cuarto de Milla, del puerto de Veracruz; Finca La Laguna de Xalapa.<\/p>\n\n\n\n<p>Asimismo, Rancho La Victoria, de Emiliano Zapata, Rancho Los Amigos, de Puente Nacional, as\u00ed como el anfitri\u00f3n, Lienzo Charro de Xalapa.<br>Adem\u00e1s de las suertes que se podr\u00e1n disfrutar, habr\u00e1 degustaci\u00f3n de diversos platillos de nuestra gastronom\u00eda, m\u00fasica en vivo de mariachis y banda.<\/p>\n\n\n\n<p>Para este magno evento se podr\u00e1n adquirir los boletos de entrada en algunas tiendas de conveniencia <em>X24<\/em>, que se podr\u00e1n consultar en redes sociales y en la plataforma de Facebook festival Xalapa mcg.<\/p>\n\n\n\n<p>Por \u00faltimo cabe mencionar que este es un esfuerzo de los lienzos y ranchos participantes, as\u00ed como del presidente de la Asociaci\u00f3n de Charros de Xalapa, Juan Ulloa Hern\u00e1ndez.<\/p>\n","protected":false},"excerpt":{"rendered":"<p>Dar\u00edo Pale Xalapa, Ver.- El presidente del Consejo de Turismo, Cultura y Deporte de Veracruz, Mauricio Cuevas Gayosso, dio a conocer que el Lienzo Charro de Xalapa, llevar\u00e1 a cabo dos grandes charreadas, el 14 de septiembre pr\u00f3ximo. En conferencia de prensa, se dio a conocer que los eventos se estar\u00e1n realizando a las 10:30 [&hellip;]<\/p>\n","protected":false},"author":2476,"featured_media":58260,"comment_status":"open","ping_status":"open","sticky":false,"template":"","format":"standard","meta":{"_jetpack_memberships_contains_paid_content":false,"footnotes":""},"categories":[3],"tags":[],"class_list":["post-58259","post","type-post","status-publish","format-standard","has-post-thumbnail","hentry","category-xalapa"],"jetpack_featured_media_url":"https:\/\/encuentroinformativo.com.mx\/wp-content\/uploads\/2024\/09\/IMG-20240905-WA0022.jpg","jetpack_sharing_enabled":true,"jetpack_likes_enabled":true,"amp_enabled":true,"_links":{"self":[{"href":"https:\/\/encuentroinformativo.com.mx\/index.php?rest_route=\/wp\/v2\/posts\/58259","targetHints":{"allow":["GET"]}}],"collection":[{"href":"https:\/\/encuentroinformativo.com.mx\/index.php?rest_route=\/wp\/v2\/posts"}],"about":[{"href":"https:\/\/encuentroinformativo.com.mx\/index.php?rest_route=\/wp\/v2\/types\/post"}],"author":[{"embeddable":true,"href":"https:\/\/encuentroinformativo.com.mx\/index.php?rest_route=\/wp\/v2\/users\/2476"}],"replies":[{"embeddable":true,"href":"https:\/\/encuentroinformativo.com.mx\/index.php?rest_route=%2Fwp%2Fv2%2Fcomments&post=58259"}],"version-history":[{"count":1,"href":"https:\/\/encuentroinformativo.com.mx\/index.php?rest_route=\/wp\/v2\/posts\/58259\/revisions"}],"predecessor-version":[{"id":58261,"href":"https:\/\/encuentroinformativo.com.mx\/index.php?rest_route=\/wp\/v2\/posts\/58259\/revisions\/58261"}],"wp:featuredmedia":[{"embeddable":true,"href":"https:\/\/encuentroinformativo.com.mx\/index.php?rest_route=\/wp\/v2\/media\/58260"}],"wp:attachment":[{"href":"https:\/\/encuentroinformativo.com.mx\/index.php?rest_route=%2Fwp%2Fv2%2Fmedia&parent=58259"}],"wp:term":[{"taxonomy":"category","embeddable":true,"href":"https:\/\/encuentroinformativo.com.mx\/index.php?rest_route=%2Fwp%2Fv2%2Fcategories&post=58259"},{"taxonomy":"post_tag","embeddable":true,"href":"https:\/\/encuentroinformativo.com.mx\/index.php?rest_route=%2Fwp%2Fv2%2Ftags&post=58259"}],"curies":[{"name":"wp","href":"https:\/\/api.w.org\/{rel}","templated":true}]}}