{"id":58262,"date":"2024-09-05T13:48:10","date_gmt":"2024-09-05T19:48:10","guid":{"rendered":"https:\/\/encuentroinformativo.com.mx\/?p=58262"},"modified":"2024-09-05T13:48:15","modified_gmt":"2024-09-05T19:48:15","slug":"reclaman-basificacion-de-suplentes-en-el-issste","status":"publish","type":"post","link":"https:\/\/encuentroinformativo.com.mx\/?p=58262","title":{"rendered":"Reclaman basificaci\u00f3n de suplentes en el ISSSTE"},"content":{"rendered":"\n<p><strong>Dar\u00edo Pale<\/strong><\/p>\n\n\n\n<p>Xalapa, Ver.- Se manifiestan Agremiados del Sindicato Nacional de la Alternancia Democr\u00e1tica de Trabajadores del ISSSTE (Sinadissste), demandan destituci\u00f3n de su titular debido a que no acatan resoluci\u00f3n de la Comisi\u00f3n Nacional Mixta para basificar a 50 suplentes, as\u00ed lo dio a conocer la secretaria general de la organizaci\u00f3n sindical Secci\u00f3n Veracruz Emilia Mendez y Alc\u00e1ntara.<\/p>\n\n\n\n<p>Entrevistada durante la manifestaci\u00f3n se\u00f1al\u00f3 que, se manifestaron frente a las instalaciones de la Delegaci\u00f3n Estatal del ISSSTE y bloquearon por espacio de 15 minutos la avenida Xalapa exigiendo a la titular Bertha Mar\u00eda Alcalde Lujan, la destituci\u00f3n de \u00a0Mar\u00eda Cruz Garc\u00eda Ram\u00f3n Dom\u00ednguez y de Francisco Ilarion Morales Oloarte, jefa de Servicios de Administraci\u00f3n y Finanzas y de Recursos Humanos de la representaci\u00f3n estatal del instituto.<\/p>\n\n\n\n<p>Dieron a conocer que desde hace cuatro a\u00f1os no se han atendido las demandas de dar de alta en la bolsa de trabajo a los hijos de trabajadores, respeto al escalaf\u00f3n y las plazas para los suplentes, pese a existir dos ordenamientos al respecto por parte de las autoridades de la Comisi\u00f3n Nacional Mixta y no la acatan.<\/p>\n\n\n\n<p>Durante la pandemia del COVID -19, dijo, la dirigente sindical, se dieron plazas a personal que no las merec\u00eda, dejando fuera a suplentes que tienen hasta quince a\u00f1os laborando bajo este r\u00e9gimen y que nunca en su vida hab\u00edan laborado en una instituci\u00f3n de salud.<\/p>\n\n\n\n<p>\u201cA ellos, como suplentes no se les hizo justicia, porque para las autoridades ni para el sindicato tradicional no existen y no tienen derecho\u201d agreg\u00f3, al tiempo de se\u00f1alar que tan solo de su sindicato son 50 los que est\u00e1n a la espera de su basificados y hasta con quince a\u00f1os de servicio.<\/p>\n\n\n\n<p>Es por ello que para visibilizar est\u00e1 situaci\u00f3n se realiz\u00f3 est\u00e1 manifestaci\u00f3n porque como trabajadores que son tienen todo el derecho al trabajo y que han cotizado por muchos a\u00f1os como tal, por lo que se exige sea tomada en cuenta su antig\u00fcedad.<\/p>\n\n\n\n<p>Expres\u00f3 que muchos de \u00a0ellos laboran en las Unidades de Medicina Familiar de las ciudades de Tierra Blanca, Tantoyuca, Cerro Azul Naranjos, Las Chiapas y otras del centro y sur de la entidad que se encuentran en esa situaci\u00f3n y son ignorados por las autoridades del ISSSTE.<\/p>\n\n\n\n<p>Mencion\u00f3 que los trabajadores no se atreven a manifestarse ni a denunciar porque tienen miedo de las represalias que puedan ser objeto de sus superiores, por lo que como organizaci\u00f3n sindical damos la cara por ellos y tambi\u00e9n por la derechohabiencia que debe recibir un servicio de calidad y no lo tiene.<\/p>\n\n\n\n<p>Calific\u00f3 de deshumanizados a los funcionarios del ISSSTE en Veracruz, porque es gente que no les importa nada, ni lo que hagamos, ya que pr\u00e1cticamente les rogamos porque metan a nuestros hijos y familiares en la bolsa de trabajo.<\/p>\n\n\n\n<p>Finalmente dio a conocer que este viernes estar\u00e1n en la Ciudad de M\u00e9xico para solicitar la intervenci\u00f3n de la Directora General del ISSSTE y resuelva las demandas de los sindicalizados, pues las autoridades locales del instituto no tienen la disposici\u00f3n de atenderlos.<\/p>\n\n\n\n<figure class=\"wp-block-image size-large\"><img loading=\"lazy\" decoding=\"async\" width=\"1024\" height=\"769\" src=\"https:\/\/encuentroinformativo.com.mx\/wp-content\/uploads\/2024\/09\/1000378246-1024x769.jpg\" alt=\"\" class=\"wp-image-58264\" srcset=\"https:\/\/encuentroinformativo.com.mx\/wp-content\/uploads\/2024\/09\/1000378246-1024x769.jpg 1024w, https:\/\/encuentroinformativo.com.mx\/wp-content\/uploads\/2024\/09\/1000378246-300x225.jpg 300w, https:\/\/encuentroinformativo.com.mx\/wp-content\/uploads\/2024\/09\/1000378246-768x576.jpg 768w, https:\/\/encuentroinformativo.com.mx\/wp-content\/uploads\/2024\/09\/1000378246-1536x1153.jpg 1536w, https:\/\/encuentroinformativo.com.mx\/wp-content\/uploads\/2024\/09\/1000378246.jpg 1600w\" sizes=\"auto, (max-width: 1024px) 100vw, 1024px\" \/><\/figure>\n","protected":false},"excerpt":{"rendered":"<p>Dar\u00edo Pale Xalapa, Ver.- Se manifiestan Agremiados del Sindicato Nacional de la Alternancia Democr\u00e1tica de Trabajadores del ISSSTE (Sinadissste), demandan destituci\u00f3n de su titular debido a que no acatan resoluci\u00f3n de la Comisi\u00f3n Nacional Mixta para basificar a 50 suplentes, as\u00ed lo dio a conocer la secretaria general de la organizaci\u00f3n sindical Secci\u00f3n Veracruz Emilia [&hellip;]<\/p>\n","protected":false},"author":2476,"featured_media":58263,"comment_status":"open","ping_status":"open","sticky":false,"template":"","format":"standard","meta":{"_jetpack_memberships_contains_paid_content":false,"footnotes":""},"categories":[9],"tags":[],"class_list":["post-58262","post","type-post","status-publish","format-standard","has-post-thumbnail","hentry","category-salud"],"jetpack_featured_media_url":"https:\/\/encuentroinformativo.com.mx\/wp-content\/uploads\/2024\/09\/IMG-20240905-WA0031.jpg","jetpack_sharing_enabled":true,"jetpack_likes_enabled":true,"amp_enabled":true,"_links":{"self":[{"href":"https:\/\/encuentroinformativo.com.mx\/index.php?rest_route=\/wp\/v2\/posts\/58262","targetHints":{"allow":["GET"]}}],"collection":[{"href":"https:\/\/encuentroinformativo.com.mx\/index.php?rest_route=\/wp\/v2\/posts"}],"about":[{"href":"https:\/\/encuentroinformativo.com.mx\/index.php?rest_route=\/wp\/v2\/types\/post"}],"author":[{"embeddable":true,"href":"https:\/\/encuentroinformativo.com.mx\/index.php?rest_route=\/wp\/v2\/users\/2476"}],"replies":[{"embeddable":true,"href":"https:\/\/encuentroinformativo.com.mx\/index.php?rest_route=%2Fwp%2Fv2%2Fcomments&post=58262"}],"version-history":[{"count":1,"href":"https:\/\/encuentroinformativo.com.mx\/index.php?rest_route=\/wp\/v2\/posts\/58262\/revisions"}],"predecessor-version":[{"id":58265,"href":"https:\/\/encuentroinformativo.com.mx\/index.php?rest_route=\/wp\/v2\/posts\/58262\/revisions\/58265"}],"wp:featuredmedia":[{"embeddable":true,"href":"https:\/\/encuentroinformativo.com.mx\/index.php?rest_route=\/wp\/v2\/media\/58263"}],"wp:attachment":[{"href":"https:\/\/encuentroinformativo.com.mx\/index.php?rest_route=%2Fwp%2Fv2%2Fmedia&parent=58262"}],"wp:term":[{"taxonomy":"category","embeddable":true,"href":"https:\/\/encuentroinformativo.com.mx\/index.php?rest_route=%2Fwp%2Fv2%2Fcategories&post=58262"},{"taxonomy":"post_tag","embeddable":true,"href":"https:\/\/encuentroinformativo.com.mx\/index.php?rest_route=%2Fwp%2Fv2%2Ftags&post=58262"}],"curies":[{"name":"wp","href":"https:\/\/api.w.org\/{rel}","templated":true}]}}