{"id":58283,"date":"2024-09-05T18:56:05","date_gmt":"2024-09-06T00:56:05","guid":{"rendered":"https:\/\/encuentroinformativo.com.mx\/?p=58283"},"modified":"2024-09-05T18:56:11","modified_gmt":"2024-09-06T00:56:11","slug":"protestan-estudiantes-contra-reforma-al-poder-judicial","status":"publish","type":"post","link":"https:\/\/encuentroinformativo.com.mx\/?p=58283","title":{"rendered":"Protestan estudiantes contra Reforma al Poder Judicial"},"content":{"rendered":"\n<p><strong>Dar\u00edo Pale <\/strong><\/p>\n\n\n\n<p>Xalapa, Ver.- Tal y como lo hab\u00edan anunciado los estudiantes de la Facultad de Derecho de la Universidad Veracruzana (UV), realizaron una manifestaci\u00f3n y marcha por el circuito Gonzalo Aguirre Beltr\u00e1n en contra de la Reforma al Poder Judicial Federal.<\/p>\n\n\n\n<p>Primero hicieron una manifestaci\u00f3n en el acceso principal de la Facultad de Derecho donde dieron lectura a un documento el cual se\u00f1ala lo siguiente:<\/p>\n\n\n\n<p>&#8220;Al no haberse hecho ning\u00fan otro pronunciamiento por parte de la consejer\u00eda \u00a0estudiantil en turno se ha suscitado que personas en esta facultad siguiendo sus intereses personales como militantes de un partido pol\u00edtico, se tomaron el atrevimiento de hablar en nombre de todo el alumnado y con un t\u00edtulo que no les correspond\u00eda. A lo cual esta comunidad no puede seguir qued\u00e1ndose callada y por lo cual seguiremos alzando la voz, esto no tengamos miedo y alcemos la voz&#8221;, es parte del documento que dieron lectura.<\/p>\n\n\n\n<p>La manifestaci\u00f3n se llev\u00f3 a cabo de forma pac\u00edfica y dieron a conocer que el d\u00eda de ma\u00f1ana realizar\u00e1n otra manifestaci\u00f3n a las 13:00 horas en la Plaza Lerdo en contra de la reforma al poder judicial.<\/p>\n\n\n\n<p>Tambi\u00e9n se sum\u00f3 a esta manifestaci\u00f3n el secretario general de la secci\u00f3n 51 del sindicato de trabajadores del PJF Jos\u00e9 Antonio Escobar Frutis.<\/p>\n\n\n\n<p>Durante la manifestaci\u00f3n gritaban consignas como &#8220;Estamos informados no estamos enga\u00f1ados&#8221;, de igual forma portaban pancartas donde se pod\u00eda leer lo siguiente &#8220;La Justicia no es un concurso Popular&#8221;, &#8220;No a la reforma judicial&#8221;, &#8220;Justicia Independiente&#8221;, &#8220;El Poder ejecutivo impulsa la Reforma ya que busca tener el control absoluto&#8221;.<\/p>\n\n\n\n<p>En otras pancartas se le\u00eda lo siguiente: &#8220;El d\u00eda que los jueces federales tengan miedo, ninguna persona podr\u00e1 dormir tranquila&#8221;, &#8220;Si el pueblo se informa No pasa la Reforma&#8221;, &#8220;Examen si, T\u00f3mbola No&#8221;, &#8220;Carrera Judicial y no Proceso Electoral&#8221;, &#8220;Juraron servirle al pueblo no al ejecutivo&#8221;.<\/p>\n\n\n\n<figure class=\"wp-block-image size-large\"><img loading=\"lazy\" decoding=\"async\" width=\"1024\" height=\"576\" src=\"https:\/\/encuentroinformativo.com.mx\/wp-content\/uploads\/2024\/09\/1000378578-1024x576.jpg\" alt=\"\" class=\"wp-image-58285\" srcset=\"https:\/\/encuentroinformativo.com.mx\/wp-content\/uploads\/2024\/09\/1000378578-1024x576.jpg 1024w, https:\/\/encuentroinformativo.com.mx\/wp-content\/uploads\/2024\/09\/1000378578-300x169.jpg 300w, https:\/\/encuentroinformativo.com.mx\/wp-content\/uploads\/2024\/09\/1000378578-768x432.jpg 768w, https:\/\/encuentroinformativo.com.mx\/wp-content\/uploads\/2024\/09\/1000378578.jpg 1280w\" sizes=\"auto, (max-width: 1024px) 100vw, 1024px\" \/><\/figure>\n","protected":false},"excerpt":{"rendered":"<p>Dar\u00edo Pale Xalapa, Ver.- Tal y como lo hab\u00edan anunciado los estudiantes de la Facultad de Derecho de la Universidad Veracruzana (UV), realizaron una manifestaci\u00f3n y marcha por el circuito Gonzalo Aguirre Beltr\u00e1n en contra de la Reforma al Poder Judicial Federal. Primero hicieron una manifestaci\u00f3n en el acceso principal de la Facultad de Derecho [&hellip;]<\/p>\n","protected":false},"author":2476,"featured_media":58284,"comment_status":"open","ping_status":"open","sticky":false,"template":"","format":"standard","meta":{"_jetpack_memberships_contains_paid_content":false,"footnotes":""},"categories":[3],"tags":[],"class_list":["post-58283","post","type-post","status-publish","format-standard","has-post-thumbnail","hentry","category-xalapa"],"jetpack_featured_media_url":"https:\/\/encuentroinformativo.com.mx\/wp-content\/uploads\/2024\/09\/IMG-20240905-WA0119.jpg","jetpack_sharing_enabled":true,"jetpack_likes_enabled":true,"amp_enabled":true,"_links":{"self":[{"href":"https:\/\/encuentroinformativo.com.mx\/index.php?rest_route=\/wp\/v2\/posts\/58283","targetHints":{"allow":["GET"]}}],"collection":[{"href":"https:\/\/encuentroinformativo.com.mx\/index.php?rest_route=\/wp\/v2\/posts"}],"about":[{"href":"https:\/\/encuentroinformativo.com.mx\/index.php?rest_route=\/wp\/v2\/types\/post"}],"author":[{"embeddable":true,"href":"https:\/\/encuentroinformativo.com.mx\/index.php?rest_route=\/wp\/v2\/users\/2476"}],"replies":[{"embeddable":true,"href":"https:\/\/encuentroinformativo.com.mx\/index.php?rest_route=%2Fwp%2Fv2%2Fcomments&post=58283"}],"version-history":[{"count":1,"href":"https:\/\/encuentroinformativo.com.mx\/index.php?rest_route=\/wp\/v2\/posts\/58283\/revisions"}],"predecessor-version":[{"id":58286,"href":"https:\/\/encuentroinformativo.com.mx\/index.php?rest_route=\/wp\/v2\/posts\/58283\/revisions\/58286"}],"wp:featuredmedia":[{"embeddable":true,"href":"https:\/\/encuentroinformativo.com.mx\/index.php?rest_route=\/wp\/v2\/media\/58284"}],"wp:attachment":[{"href":"https:\/\/encuentroinformativo.com.mx\/index.php?rest_route=%2Fwp%2Fv2%2Fmedia&parent=58283"}],"wp:term":[{"taxonomy":"category","embeddable":true,"href":"https:\/\/encuentroinformativo.com.mx\/index.php?rest_route=%2Fwp%2Fv2%2Fcategories&post=58283"},{"taxonomy":"post_tag","embeddable":true,"href":"https:\/\/encuentroinformativo.com.mx\/index.php?rest_route=%2Fwp%2Fv2%2Ftags&post=58283"}],"curies":[{"name":"wp","href":"https:\/\/api.w.org\/{rel}","templated":true}]}}