{"id":58287,"date":"2024-09-05T19:00:33","date_gmt":"2024-09-06T01:00:33","guid":{"rendered":"https:\/\/encuentroinformativo.com.mx\/?p=58287"},"modified":"2024-09-05T19:00:39","modified_gmt":"2024-09-06T01:00:39","slug":"con-develacion-de-placa-conmemora-ricardo-ahued-fundacion-de-el-tronconal","status":"publish","type":"post","link":"https:\/\/encuentroinformativo.com.mx\/?p=58287","title":{"rendered":"Con develaci\u00f3n de placa, conmemora Ricardo Ahued fundaci\u00f3n de El Tronconal"},"content":{"rendered":"\n<p><strong>* Tambi\u00e9n se present\u00f3 libro sobre la historia de este lugar<\/strong>.<\/p>\n\n\n\n<p>Xalapa, Ver.- Para conmemorar y reconocer el legado de la congregaci\u00f3n de El Tronconal, y la presentaci\u00f3n del libro \u201cHistoria de El Tronconal, Tierra de Agua y Arena\u201d, del autor Cruz Reyes Ortega, el presidente municipal Ricardo Ahued Bardahuil devel\u00f3 una placa alusiva a este hecho hist\u00f3rico.<\/p>\n\n\n\n<p>En compa\u00f1\u00eda del alcalde suplente, Alberto Islas Reyes, el Edil dijo que este ejemplar recopila informaci\u00f3n y muestra la historia con la que cuenta el municipio de Xalapa.<\/p>\n\n\n\n<p>Asegur\u00f3 que gracias al apoyo de esta Administraci\u00f3n se pudo editar esta obra, misma que se pondr\u00e1 a disposici\u00f3n en las salas de lectura, con el fin de que la poblaci\u00f3n tenga acceso a la informaci\u00f3n cultural que se da en los pueblos y la regi\u00f3n.<\/p>\n\n\n\n<p>Ante autoridades municipales y pobladores de la congregaci\u00f3n, Cruz Reyes Ortega extern\u00f3 su agradecimiento al alcalde Ricardo Ahued Bardahuil por el respaldo y la oportunidad de presentar la historia de esta congregaci\u00f3n.<\/p>\n\n\n\n<p>Asistieron las regidoras Martha Valentina Dom\u00ednguez V\u00e1squez; Mar\u00eda Guadalupe M\u00e1rquez Leonardo y Ana Cristina Hern\u00e1ndez Aburto; los regidores An\u00edbal Pacheco L\u00f3pez, Carlos Rugerio Mart\u00ednez, Alfonso Marcos Garc\u00eda Castillo; la directora del Consejo Municipal para la Asistencia Social, M\u00f3nica Gasper\u00edn S\u00e1nchez; el director de Educaci\u00f3n, \u00c9dgar Eduardo Ruiz Cervantes, y el agente municipal, Jos\u00e9 Carlos Ortega Cervantes.<\/p>\n","protected":false},"excerpt":{"rendered":"<p>* Tambi\u00e9n se present\u00f3 libro sobre la historia de este lugar. Xalapa, Ver.- Para conmemorar y reconocer el legado de la congregaci\u00f3n de El Tronconal, y la presentaci\u00f3n del libro \u201cHistoria de El Tronconal, Tierra de Agua y Arena\u201d, del autor Cruz Reyes Ortega, el presidente municipal Ricardo Ahued Bardahuil devel\u00f3 una placa alusiva a [&hellip;]<\/p>\n","protected":false},"author":2476,"featured_media":58288,"comment_status":"open","ping_status":"open","sticky":false,"template":"","format":"standard","meta":{"_jetpack_memberships_contains_paid_content":false,"footnotes":""},"categories":[3],"tags":[],"class_list":["post-58287","post","type-post","status-publish","format-standard","has-post-thumbnail","hentry","category-xalapa"],"jetpack_featured_media_url":"https:\/\/encuentroinformativo.com.mx\/wp-content\/uploads\/2024\/09\/IMG-20240905-WA0125.jpg","jetpack_sharing_enabled":true,"jetpack_likes_enabled":true,"amp_enabled":true,"_links":{"self":[{"href":"https:\/\/encuentroinformativo.com.mx\/index.php?rest_route=\/wp\/v2\/posts\/58287","targetHints":{"allow":["GET"]}}],"collection":[{"href":"https:\/\/encuentroinformativo.com.mx\/index.php?rest_route=\/wp\/v2\/posts"}],"about":[{"href":"https:\/\/encuentroinformativo.com.mx\/index.php?rest_route=\/wp\/v2\/types\/post"}],"author":[{"embeddable":true,"href":"https:\/\/encuentroinformativo.com.mx\/index.php?rest_route=\/wp\/v2\/users\/2476"}],"replies":[{"embeddable":true,"href":"https:\/\/encuentroinformativo.com.mx\/index.php?rest_route=%2Fwp%2Fv2%2Fcomments&post=58287"}],"version-history":[{"count":2,"href":"https:\/\/encuentroinformativo.com.mx\/index.php?rest_route=\/wp\/v2\/posts\/58287\/revisions"}],"predecessor-version":[{"id":58290,"href":"https:\/\/encuentroinformativo.com.mx\/index.php?rest_route=\/wp\/v2\/posts\/58287\/revisions\/58290"}],"wp:featuredmedia":[{"embeddable":true,"href":"https:\/\/encuentroinformativo.com.mx\/index.php?rest_route=\/wp\/v2\/media\/58288"}],"wp:attachment":[{"href":"https:\/\/encuentroinformativo.com.mx\/index.php?rest_route=%2Fwp%2Fv2%2Fmedia&parent=58287"}],"wp:term":[{"taxonomy":"category","embeddable":true,"href":"https:\/\/encuentroinformativo.com.mx\/index.php?rest_route=%2Fwp%2Fv2%2Fcategories&post=58287"},{"taxonomy":"post_tag","embeddable":true,"href":"https:\/\/encuentroinformativo.com.mx\/index.php?rest_route=%2Fwp%2Fv2%2Ftags&post=58287"}],"curies":[{"name":"wp","href":"https:\/\/api.w.org\/{rel}","templated":true}]}}