{"id":58291,"date":"2024-09-05T19:06:31","date_gmt":"2024-09-06T01:06:31","guid":{"rendered":"https:\/\/encuentroinformativo.com.mx\/?p=58291"},"modified":"2024-09-05T19:06:37","modified_gmt":"2024-09-06T01:06:37","slug":"alcalde-jm-unanue-sigue-apoyando-a-quienes-mas-lo-necesitan-con-aparatos-funcionales","status":"publish","type":"post","link":"https:\/\/encuentroinformativo.com.mx\/?p=58291","title":{"rendered":"Alcalde JM Un\u00e1nue sigue apoyando a quienes m\u00e1s lo necesitan con aparatos funcionales"},"content":{"rendered":"\n<p>* <em>Junto a la presidenta del DIF municipal de Boca del R\u00edo; Melina Rivera de Un\u00e1nue, realizaron la entrega a m\u00e1s de 70 boque\u00f1os<\/em>.<\/p>\n\n\n\n<p>Boca del R\u00edo, Ver.- En una emotiva ceremonia, el alcalde de Boca del R\u00edo, Juan Manuel Un\u00e1nue Abascal, junto con la presidenta del DIF Municipal; Melina Rivera de Un\u00e1nue, encabezaron la entrega de m\u00e1s de 70 aparatos funcionales a ciudadanos en situaci\u00f3n de vulnerabilidad.<\/p>\n\n\n\n<p>Esta entrega incluy\u00f3 sillas de ruedas, andaderas, muletas, bastones y otros apoyos destinados a mejorar la movilidad y calidad de vida de los beneficiarios.<\/p>\n\n\n\n<p>Durante el evento, celebrado en las instalaciones del DIF municipal, el presidente municipal destac\u00f3 la importancia de seguir trabajando en equipo para garantizar que todos los ciudadanos de Boca del R\u00edo tengan acceso a una vida m\u00e1s digna.<\/p>\n\n\n\n<p>Esta acci\u00f3n forma parte del compromiso de la actual administraci\u00f3n con los sectores m\u00e1s vulnerables del municipio y otros organismos.<\/p>\n\n\n\n<p>&#8220;Vemos a las personas contentas que van a recibir este apoyo, un aparato ortop\u00e9dico, alguna silla de ruedas normal o especial, y que normalmente nos cuesta trabajo adquirirla por la situaci\u00f3n econ\u00f3mica y para eso trabajamos aqu\u00ed en el DIF\u201d, expres\u00f3 el alcalde.<\/p>\n\n\n\n<p>Melina Rivera de Un\u00e1nue; presidenta del DIF municipal, agradeci\u00f3 el esfuerzo conjunto entre el gobierno local y estatal, as\u00ed como a todo el equipo del DIF Boca del R\u00edo, y reafirm\u00f3 el compromiso de continuar con este tipo de acciones que buscan mejorar la calidad de vida de las personas con necesidades especiales.<\/p>\n\n\n\n<p>\u201cA ustedes nuestros beneficiarios les reiteramos nuestro compromiso de seguir trabajando para garantizar que todos en Boca del R\u00edo tengan acceso a una vida mejor. Continuaremos sumando esfuerzos para apoyar a quienes m\u00e1s lo necesitan\u201d, dijo Rivera de Un\u00e1nue.<\/p>\n\n\n\n<p>Con la entrega de estos aparatos funcionales, ya suman cerca de mil 500 los apoyos distribuidos durante la gesti\u00f3n del alcalde Juan Manuel Un\u00e1nue, consolidando a Boca del R\u00edo como un municipio que pone la inclusi\u00f3n y el bienestar de sus ciudadanos como una de sus prioridades.<\/p>\n\n\n\n<figure class=\"wp-block-image size-large\"><img loading=\"lazy\" decoding=\"async\" width=\"1024\" height=\"682\" src=\"https:\/\/encuentroinformativo.com.mx\/wp-content\/uploads\/2024\/09\/IMG-20240905-WA0133-1024x682.jpg\" alt=\"\" class=\"wp-image-58292\" srcset=\"https:\/\/encuentroinformativo.com.mx\/wp-content\/uploads\/2024\/09\/IMG-20240905-WA0133-1024x682.jpg 1024w, https:\/\/encuentroinformativo.com.mx\/wp-content\/uploads\/2024\/09\/IMG-20240905-WA0133-300x200.jpg 300w, https:\/\/encuentroinformativo.com.mx\/wp-content\/uploads\/2024\/09\/IMG-20240905-WA0133-768x511.jpg 768w, https:\/\/encuentroinformativo.com.mx\/wp-content\/uploads\/2024\/09\/IMG-20240905-WA0133.jpg 1280w\" sizes=\"auto, (max-width: 1024px) 100vw, 1024px\" \/><\/figure>\n","protected":false},"excerpt":{"rendered":"<p>* Junto a la presidenta del DIF municipal de Boca del R\u00edo; Melina Rivera de Un\u00e1nue, realizaron la entrega a m\u00e1s de 70 boque\u00f1os. Boca del R\u00edo, Ver.- En una emotiva ceremonia, el alcalde de Boca del R\u00edo, Juan Manuel Un\u00e1nue Abascal, junto con la presidenta del DIF Municipal; Melina Rivera de Un\u00e1nue, encabezaron la [&hellip;]<\/p>\n","protected":false},"author":2476,"featured_media":58294,"comment_status":"open","ping_status":"open","sticky":false,"template":"","format":"standard","meta":{"_jetpack_memberships_contains_paid_content":false,"footnotes":""},"categories":[2],"tags":[],"class_list":["post-58291","post","type-post","status-publish","format-standard","has-post-thumbnail","hentry","category-estado"],"jetpack_featured_media_url":"https:\/\/encuentroinformativo.com.mx\/wp-content\/uploads\/2024\/09\/IMG-20240905-WA0136.jpg","jetpack_sharing_enabled":true,"jetpack_likes_enabled":true,"amp_enabled":true,"_links":{"self":[{"href":"https:\/\/encuentroinformativo.com.mx\/index.php?rest_route=\/wp\/v2\/posts\/58291","targetHints":{"allow":["GET"]}}],"collection":[{"href":"https:\/\/encuentroinformativo.com.mx\/index.php?rest_route=\/wp\/v2\/posts"}],"about":[{"href":"https:\/\/encuentroinformativo.com.mx\/index.php?rest_route=\/wp\/v2\/types\/post"}],"author":[{"embeddable":true,"href":"https:\/\/encuentroinformativo.com.mx\/index.php?rest_route=\/wp\/v2\/users\/2476"}],"replies":[{"embeddable":true,"href":"https:\/\/encuentroinformativo.com.mx\/index.php?rest_route=%2Fwp%2Fv2%2Fcomments&post=58291"}],"version-history":[{"count":2,"href":"https:\/\/encuentroinformativo.com.mx\/index.php?rest_route=\/wp\/v2\/posts\/58291\/revisions"}],"predecessor-version":[{"id":58295,"href":"https:\/\/encuentroinformativo.com.mx\/index.php?rest_route=\/wp\/v2\/posts\/58291\/revisions\/58295"}],"wp:featuredmedia":[{"embeddable":true,"href":"https:\/\/encuentroinformativo.com.mx\/index.php?rest_route=\/wp\/v2\/media\/58294"}],"wp:attachment":[{"href":"https:\/\/encuentroinformativo.com.mx\/index.php?rest_route=%2Fwp%2Fv2%2Fmedia&parent=58291"}],"wp:term":[{"taxonomy":"category","embeddable":true,"href":"https:\/\/encuentroinformativo.com.mx\/index.php?rest_route=%2Fwp%2Fv2%2Fcategories&post=58291"},{"taxonomy":"post_tag","embeddable":true,"href":"https:\/\/encuentroinformativo.com.mx\/index.php?rest_route=%2Fwp%2Fv2%2Ftags&post=58291"}],"curies":[{"name":"wp","href":"https:\/\/api.w.org\/{rel}","templated":true}]}}