{"id":58307,"date":"2024-09-06T12:20:04","date_gmt":"2024-09-06T18:20:04","guid":{"rendered":"https:\/\/encuentroinformativo.com.mx\/?p=58307"},"modified":"2024-09-06T12:20:10","modified_gmt":"2024-09-06T18:20:10","slug":"llegan-reliquias-de-san-judas-tadeo-a-xalapa","status":"publish","type":"post","link":"https:\/\/encuentroinformativo.com.mx\/?p=58307","title":{"rendered":"Llegan reliquias de San Judas Tadeo a Xalapa"},"content":{"rendered":"\n<p><strong>Dar\u00edo Pale<\/strong><\/p>\n\n\n\n<p>Xalapa, Ver.- Arriba la Reliquia de San Judas Tadeo a la capital del estado, este viernes estar\u00e1 en la Parroquia de San Judas Tadeo, en la colonia Campo de Tiro, donde fue recibida por cientos de feligreses.<\/p>\n\n\n\n<p>La iglesia permanecer\u00e1 abierta toda la noche y posteriormente, ma\u00f1ana s\u00e1bado al concluir la misa de 7 de la ma\u00f1ana, la reliquia \u00a0saldr\u00e1 hacia la Catedral de Xalapa en donde permanecer\u00e1 hasta el domingo.<\/p>\n\n\n\n<p>El s\u00e1bado la catedral estar\u00e1 abierta toda la noche, para que todas las personas tengan la oportunidad de benefactor la reliquia de San Judas Tadeo la cual es de primer grado, consiste en un fragmento de hueso, colocado en un relicario en forma de brazo.\u00a0<\/p>\n\n\n\n<p>Es colocada junto con la imagen de San Judas Tadeo en una camioneta panor\u00e1mica, con el fin de que los devotos puedan venerarla en su trayecto.<\/p>\n\n\n\n<p>La reliquia, que habitualmente se conserva en la Bas\u00edlica de Salvatore in Lauro en Roma, recorre M\u00e9xico en una camioneta, despu\u00e9s de Xalapa, la reliquia partir\u00e1 este lunes a Orizaba.<\/p>\n\n\n\n<p>San Judas Tadeo era uno de los ap\u00f3stoles considerados como m\u00e1s judaizantes dentro del grupo de \u00ablos Doce\u00bb. Seg\u00fan el Evangelio de Juan, fue testigo privilegiado de la \u00daltima Cena, durante la cual tuvo una participaci\u00f3n activa expl\u00edcita<\/p>\n\n\n\n<figure class=\"wp-block-image size-large\"><img loading=\"lazy\" decoding=\"async\" width=\"1024\" height=\"576\" src=\"https:\/\/encuentroinformativo.com.mx\/wp-content\/uploads\/2024\/09\/1000379207-1024x576.jpg\" alt=\"\" class=\"wp-image-58309\" srcset=\"https:\/\/encuentroinformativo.com.mx\/wp-content\/uploads\/2024\/09\/1000379207-1024x576.jpg 1024w, https:\/\/encuentroinformativo.com.mx\/wp-content\/uploads\/2024\/09\/1000379207-300x169.jpg 300w, https:\/\/encuentroinformativo.com.mx\/wp-content\/uploads\/2024\/09\/1000379207-768x432.jpg 768w, https:\/\/encuentroinformativo.com.mx\/wp-content\/uploads\/2024\/09\/1000379207-1536x864.jpg 1536w, https:\/\/encuentroinformativo.com.mx\/wp-content\/uploads\/2024\/09\/1000379207.jpg 1599w\" sizes=\"auto, (max-width: 1024px) 100vw, 1024px\" \/><\/figure>\n","protected":false},"excerpt":{"rendered":"<p>Dar\u00edo Pale Xalapa, Ver.- Arriba la Reliquia de San Judas Tadeo a la capital del estado, este viernes estar\u00e1 en la Parroquia de San Judas Tadeo, en la colonia Campo de Tiro, donde fue recibida por cientos de feligreses. La iglesia permanecer\u00e1 abierta toda la noche y posteriormente, ma\u00f1ana s\u00e1bado al concluir la misa de [&hellip;]<\/p>\n","protected":false},"author":2476,"featured_media":58308,"comment_status":"open","ping_status":"open","sticky":false,"template":"","format":"standard","meta":{"_jetpack_memberships_contains_paid_content":false,"footnotes":""},"categories":[3],"tags":[],"class_list":["post-58307","post","type-post","status-publish","format-standard","has-post-thumbnail","hentry","category-xalapa"],"jetpack_featured_media_url":"https:\/\/encuentroinformativo.com.mx\/wp-content\/uploads\/2024\/09\/IMG-20240906-WA0046.jpg","jetpack_sharing_enabled":true,"jetpack_likes_enabled":true,"amp_enabled":true,"_links":{"self":[{"href":"https:\/\/encuentroinformativo.com.mx\/index.php?rest_route=\/wp\/v2\/posts\/58307","targetHints":{"allow":["GET"]}}],"collection":[{"href":"https:\/\/encuentroinformativo.com.mx\/index.php?rest_route=\/wp\/v2\/posts"}],"about":[{"href":"https:\/\/encuentroinformativo.com.mx\/index.php?rest_route=\/wp\/v2\/types\/post"}],"author":[{"embeddable":true,"href":"https:\/\/encuentroinformativo.com.mx\/index.php?rest_route=\/wp\/v2\/users\/2476"}],"replies":[{"embeddable":true,"href":"https:\/\/encuentroinformativo.com.mx\/index.php?rest_route=%2Fwp%2Fv2%2Fcomments&post=58307"}],"version-history":[{"count":1,"href":"https:\/\/encuentroinformativo.com.mx\/index.php?rest_route=\/wp\/v2\/posts\/58307\/revisions"}],"predecessor-version":[{"id":58310,"href":"https:\/\/encuentroinformativo.com.mx\/index.php?rest_route=\/wp\/v2\/posts\/58307\/revisions\/58310"}],"wp:featuredmedia":[{"embeddable":true,"href":"https:\/\/encuentroinformativo.com.mx\/index.php?rest_route=\/wp\/v2\/media\/58308"}],"wp:attachment":[{"href":"https:\/\/encuentroinformativo.com.mx\/index.php?rest_route=%2Fwp%2Fv2%2Fmedia&parent=58307"}],"wp:term":[{"taxonomy":"category","embeddable":true,"href":"https:\/\/encuentroinformativo.com.mx\/index.php?rest_route=%2Fwp%2Fv2%2Fcategories&post=58307"},{"taxonomy":"post_tag","embeddable":true,"href":"https:\/\/encuentroinformativo.com.mx\/index.php?rest_route=%2Fwp%2Fv2%2Ftags&post=58307"}],"curies":[{"name":"wp","href":"https:\/\/api.w.org\/{rel}","templated":true}]}}