{"id":58317,"date":"2024-09-06T13:25:48","date_gmt":"2024-09-06T19:25:48","guid":{"rendered":"https:\/\/encuentroinformativo.com.mx\/?p=58317"},"modified":"2024-09-06T13:25:53","modified_gmt":"2024-09-06T19:25:53","slug":"devocion-por-san-juditas","status":"publish","type":"post","link":"https:\/\/encuentroinformativo.com.mx\/?p=58317","title":{"rendered":"\u00a1Devoci\u00f3n por San Juditas!"},"content":{"rendered":"\n<p><strong>Dar\u00edo Pale <\/strong><\/p>\n\n\n\n<p>Xalapa, Ver.- Se desbord\u00f3 la fe con la llegada de la reliquia de San Judas Tadeo a la Iglesia que est\u00e1 dedicada a su advocaci\u00f3n, as\u00ed lo dio a conocer el sacerdote de la parroquia Rafael Fernando Velasco.<\/p>\n\n\n\n<p>En entrevista se\u00f1al\u00f3 que, con esta visita se espera que el intercesor de las causas dif\u00edciles ante Dios, obre en muchos milagros.<\/p>\n\n\n\n<p>\u201cVemos el gozo y j\u00fabilo al recibir un pedacito de lo que es el patrono de esta iglesia, la devoci\u00f3n en Xalapa y en la iglesia, se espera que obre en muchos milagros por parte de Dios a trav\u00e9s de su intercesi\u00f3n como lo dice la tradici\u00f3n que es el Ap\u00f3stol de las causas dif\u00edciles e imposibles\u201d, coment\u00f3.<\/p>\n\n\n\n<p>Se\u00f1al\u00f3 que durante el d\u00eda habr\u00e1 varias celebraciones eucar\u00edsticas por diferentes sacerdotes de los distintos decanatos, mientras que por la noche se lleve a cabo una oraci\u00f3n de vigilia, para que el d\u00eda de ma\u00f1ana parta a la Catedral Metropolitana.<\/p>\n\n\n\n<p>Asegur\u00f3 que este evento \u00fanico e hist\u00f3rico ha rebasado las expectativas y en esta iglesia que lleva su nombre, no se esperaba menos, la Parroquia San Judas Tadeo ubicada en la colonia Campo de Tiro en Xalapa.<\/p>\n\n\n\n<p>\u201cEsta es la parroquia dedicada a San Judas, ha estado en otras parroquias como en Altotonga, Perote, Alto Lucero y no son dedicadas a San Judas, y sin embargo se ha desbordado la fe, ha rebasado las expectativas, no se esperaba menos para esta iglesia\u201d, coment\u00f3.<\/p>\n\n\n\n<p>Finalmente dio a conocer que, \u201cse va a preparar para que est\u00e9 dispuesta a la veneraci\u00f3n personal y van a poder pasar de manera continua de aqu\u00ed hasta la 7 del d\u00eda de ma\u00f1ana&#8221;.<\/p>\n\n\n\n<figure class=\"wp-block-image size-large\"><img loading=\"lazy\" decoding=\"async\" width=\"1024\" height=\"682\" src=\"https:\/\/encuentroinformativo.com.mx\/wp-content\/uploads\/2024\/09\/1000379296-1024x682.jpg\" alt=\"\" class=\"wp-image-58319\" srcset=\"https:\/\/encuentroinformativo.com.mx\/wp-content\/uploads\/2024\/09\/1000379296-1024x682.jpg 1024w, https:\/\/encuentroinformativo.com.mx\/wp-content\/uploads\/2024\/09\/1000379296-300x200.jpg 300w, https:\/\/encuentroinformativo.com.mx\/wp-content\/uploads\/2024\/09\/1000379296-768x512.jpg 768w, https:\/\/encuentroinformativo.com.mx\/wp-content\/uploads\/2024\/09\/1000379296-1536x1023.jpg 1536w, https:\/\/encuentroinformativo.com.mx\/wp-content\/uploads\/2024\/09\/1000379296.jpg 1600w\" sizes=\"auto, (max-width: 1024px) 100vw, 1024px\" \/><\/figure>\n","protected":false},"excerpt":{"rendered":"<p>Dar\u00edo Pale Xalapa, Ver.- Se desbord\u00f3 la fe con la llegada de la reliquia de San Judas Tadeo a la Iglesia que est\u00e1 dedicada a su advocaci\u00f3n, as\u00ed lo dio a conocer el sacerdote de la parroquia Rafael Fernando Velasco. En entrevista se\u00f1al\u00f3 que, con esta visita se espera que el intercesor de las causas [&hellip;]<\/p>\n","protected":false},"author":2476,"featured_media":58318,"comment_status":"open","ping_status":"open","sticky":false,"template":"","format":"standard","meta":{"_jetpack_memberships_contains_paid_content":false,"footnotes":""},"categories":[3],"tags":[],"class_list":["post-58317","post","type-post","status-publish","format-standard","has-post-thumbnail","hentry","category-xalapa"],"jetpack_featured_media_url":"https:\/\/encuentroinformativo.com.mx\/wp-content\/uploads\/2024\/09\/IMG-20240906-WA00592.jpg","jetpack_sharing_enabled":true,"jetpack_likes_enabled":true,"amp_enabled":true,"_links":{"self":[{"href":"https:\/\/encuentroinformativo.com.mx\/index.php?rest_route=\/wp\/v2\/posts\/58317","targetHints":{"allow":["GET"]}}],"collection":[{"href":"https:\/\/encuentroinformativo.com.mx\/index.php?rest_route=\/wp\/v2\/posts"}],"about":[{"href":"https:\/\/encuentroinformativo.com.mx\/index.php?rest_route=\/wp\/v2\/types\/post"}],"author":[{"embeddable":true,"href":"https:\/\/encuentroinformativo.com.mx\/index.php?rest_route=\/wp\/v2\/users\/2476"}],"replies":[{"embeddable":true,"href":"https:\/\/encuentroinformativo.com.mx\/index.php?rest_route=%2Fwp%2Fv2%2Fcomments&post=58317"}],"version-history":[{"count":1,"href":"https:\/\/encuentroinformativo.com.mx\/index.php?rest_route=\/wp\/v2\/posts\/58317\/revisions"}],"predecessor-version":[{"id":58320,"href":"https:\/\/encuentroinformativo.com.mx\/index.php?rest_route=\/wp\/v2\/posts\/58317\/revisions\/58320"}],"wp:featuredmedia":[{"embeddable":true,"href":"https:\/\/encuentroinformativo.com.mx\/index.php?rest_route=\/wp\/v2\/media\/58318"}],"wp:attachment":[{"href":"https:\/\/encuentroinformativo.com.mx\/index.php?rest_route=%2Fwp%2Fv2%2Fmedia&parent=58317"}],"wp:term":[{"taxonomy":"category","embeddable":true,"href":"https:\/\/encuentroinformativo.com.mx\/index.php?rest_route=%2Fwp%2Fv2%2Fcategories&post=58317"},{"taxonomy":"post_tag","embeddable":true,"href":"https:\/\/encuentroinformativo.com.mx\/index.php?rest_route=%2Fwp%2Fv2%2Ftags&post=58317"}],"curies":[{"name":"wp","href":"https:\/\/api.w.org\/{rel}","templated":true}]}}