{"id":58324,"date":"2024-09-06T14:36:44","date_gmt":"2024-09-06T20:36:44","guid":{"rendered":"https:\/\/encuentroinformativo.com.mx\/?p=58324"},"modified":"2024-09-06T14:36:48","modified_gmt":"2024-09-06T20:36:48","slug":"invitan-a-exposicion-el-museo-del-prado-en-xalapa","status":"publish","type":"post","link":"https:\/\/encuentroinformativo.com.mx\/?p=58324","title":{"rendered":"Invitan a exposici\u00f3n El Museo del Prado en Xalapa"},"content":{"rendered":"\n<p><strong>Dar\u00edo Pale <\/strong><\/p>\n\n\n\n<p>Xalapa, Ver.- \u00a1El Museo del Prado en Xalapa! La exposici\u00f3n se inaugura este s\u00e1bado a las 5 de la tarde en el parque Ju\u00e1rez, as\u00ed lo inform\u00f3 la Secretaria de Cultura de Veracruz, Silvia Alejandre Prado.<\/p>\n\n\n\n<p>En conferencia de prensa dio a conocer que, este s\u00e1bado se inaugura la exposici\u00f3n &#8220;El Museo del Prado en Xalapa&#8221;, la cual ser\u00e1 al aire libre en el parque Ju\u00e1rez; es una muestra con m\u00e1s de 50 reproducciones fotogr\u00e1ficas de las obras maestras de una de las pinacotecas m\u00e1s grandes del mundo.<\/p>\n\n\n\n<p>Al respecto, inform\u00f3 que participan la Secretar\u00eda de Cultura de Veracruz en coordinaci\u00f3n con el Museo Nacional del Prado, la Embajada de Espa\u00f1a en M\u00e9xico, el Centro Cultural de Espa\u00f1a en M\u00e9xico, la Secretar\u00eda de Turismo de Veracruz y el Ayuntamiento de Xalapa.\u00a0<\/p>\n\n\n\n<p>Asimismo, explic\u00f3 que el Prado en las calles es un proyecto derivado de la colaboraci\u00f3n entre el Museo \u00a0Nacional del Prado y la Agencia Espa\u00f1ola de Cooperaci\u00f3n Internacional para el Desarrollo (AECID) que se puso en marcha en 2011.<\/p>\n\n\n\n<p>De manera que habiendo recorrido todas las provincias espa\u00f1olas y m\u00e1s de 20 pa\u00edses de Latinoam\u00e9rica, lleg\u00f3 a M\u00e9xico en 2021 con motivo del Bicentenario de la Independencia, iniciando su recorrido en la CDMX para luego visitar varias ciudades del norte y el Baj\u00edo y cerrar su itinerancia en la capital veracruzana, donde representa para el p\u00fablico de la regi\u00f3n y las y los turistas una oportunidad \u00fanica de acercarse a las grandes obras de arte universal.\u00a0<\/p>\n\n\n\n<p>La colecci\u00f3n incluye obras de los espa\u00f1oles Diego Vel\u00e1zquez como Las meninas o La familia de Felipe IV; El quitasol y La maja desnuda de Francisco de Goya, El caballero de la mano en el pecho de El Greco y los Chicos en la playa de Joaqu\u00edn Sorolla.\u00a0<\/p>\n\n\n\n<p>De la tradici\u00f3n italiana veremos obra de los pintores Fra Ang\u00e9lico, Caravaggio, Tintoretto y Tiziano; y de la escuela flamenca, El jard\u00edn de las deliciasde El Bosco y Las tres Gracias de Pedro Pablo Rubens, entre otros dignos\u00a0representantes de las escuelas espa\u00f1ola, italiana, flamenca, francesa, alemana y\u00a0holandesa en una l\u00ednea de tiempo que va desde el siglo XII hasta los primeros a\u00f1os\u00a0del XX.<\/p>\n\n\n\n<p>Las reproducciones de las obras se muestran a escala 1:1 por lo que, algunos\u00a0cuadros de gran tama\u00f1o ofrecer\u00e1n un magn\u00edfico y grandioso detalle de la obra que podr\u00e1 apreciarse completa en la cartela explicativa.\u00a0<\/p>\n\n\n\n<p>Adem\u00e1s, la muestra cuenta con carteles y paneles informativos de cada una de las obras que aportan datos sobre la historia del Museo y sus colecciones.<\/p>\n\n\n\n<p>La titular de la SECVER reiter\u00f3 la invitaci\u00f3n a disfrutar El Museo del Prado en Xalapa, exposici\u00f3n al aire libre que presenta una excelente oportunidad para acercarse a las obras de arte m\u00e1s destacadas del Museo Nacional del Prado. La inauguraci\u00f3n ser\u00e1 este s\u00e1bado a las cinco de la tarde.\u00a0<\/p>\n\n\n\n<p>Para m\u00e1s informaci\u00f3n, consultar las redes oficiales de la @SECVERoficial, la\u00a0@SECTURVeracruz, el @XalapaAyuntamiento y @CulturaXalapa. Visita el sitio\u00a0web oficial\u00a0<a rel=\"noreferrer noopener\" href=\"http:\/\/www.culturaveracruz.gob.mx\/\" target=\"_blank\">www.culturaveracruz.gob.mx<\/a>.<\/p>\n","protected":false},"excerpt":{"rendered":"<p>Dar\u00edo Pale Xalapa, Ver.- \u00a1El Museo del Prado en Xalapa! La exposici\u00f3n se inaugura este s\u00e1bado a las 5 de la tarde en el parque Ju\u00e1rez, as\u00ed lo inform\u00f3 la Secretaria de Cultura de Veracruz, Silvia Alejandre Prado. En conferencia de prensa dio a conocer que, este s\u00e1bado se inaugura la exposici\u00f3n &#8220;El Museo del [&hellip;]<\/p>\n","protected":false},"author":2476,"featured_media":58325,"comment_status":"open","ping_status":"open","sticky":false,"template":"","format":"standard","meta":{"_jetpack_memberships_contains_paid_content":false,"footnotes":""},"categories":[3],"tags":[],"class_list":["post-58324","post","type-post","status-publish","format-standard","has-post-thumbnail","hentry","category-xalapa"],"jetpack_featured_media_url":"https:\/\/encuentroinformativo.com.mx\/wp-content\/uploads\/2024\/09\/IMG-20240906-WA00722.jpg","jetpack_sharing_enabled":true,"jetpack_likes_enabled":true,"amp_enabled":true,"_links":{"self":[{"href":"https:\/\/encuentroinformativo.com.mx\/index.php?rest_route=\/wp\/v2\/posts\/58324","targetHints":{"allow":["GET"]}}],"collection":[{"href":"https:\/\/encuentroinformativo.com.mx\/index.php?rest_route=\/wp\/v2\/posts"}],"about":[{"href":"https:\/\/encuentroinformativo.com.mx\/index.php?rest_route=\/wp\/v2\/types\/post"}],"author":[{"embeddable":true,"href":"https:\/\/encuentroinformativo.com.mx\/index.php?rest_route=\/wp\/v2\/users\/2476"}],"replies":[{"embeddable":true,"href":"https:\/\/encuentroinformativo.com.mx\/index.php?rest_route=%2Fwp%2Fv2%2Fcomments&post=58324"}],"version-history":[{"count":1,"href":"https:\/\/encuentroinformativo.com.mx\/index.php?rest_route=\/wp\/v2\/posts\/58324\/revisions"}],"predecessor-version":[{"id":58326,"href":"https:\/\/encuentroinformativo.com.mx\/index.php?rest_route=\/wp\/v2\/posts\/58324\/revisions\/58326"}],"wp:featuredmedia":[{"embeddable":true,"href":"https:\/\/encuentroinformativo.com.mx\/index.php?rest_route=\/wp\/v2\/media\/58325"}],"wp:attachment":[{"href":"https:\/\/encuentroinformativo.com.mx\/index.php?rest_route=%2Fwp%2Fv2%2Fmedia&parent=58324"}],"wp:term":[{"taxonomy":"category","embeddable":true,"href":"https:\/\/encuentroinformativo.com.mx\/index.php?rest_route=%2Fwp%2Fv2%2Fcategories&post=58324"},{"taxonomy":"post_tag","embeddable":true,"href":"https:\/\/encuentroinformativo.com.mx\/index.php?rest_route=%2Fwp%2Fv2%2Ftags&post=58324"}],"curies":[{"name":"wp","href":"https:\/\/api.w.org\/{rel}","templated":true}]}}