{"id":58327,"date":"2024-09-06T16:55:00","date_gmt":"2024-09-06T22:55:00","guid":{"rendered":"https:\/\/encuentroinformativo.com.mx\/?p=58327"},"modified":"2024-09-06T16:55:05","modified_gmt":"2024-09-06T22:55:05","slug":"manifestantes-contra-reforma-judicial-denuncian-presuntas-amenazas","status":"publish","type":"post","link":"https:\/\/encuentroinformativo.com.mx\/?p=58327","title":{"rendered":"Manifestantes contra Reforma Judicial, denuncian presuntas amenazas"},"content":{"rendered":"\n<p><strong>Dar\u00edo Pale<\/strong><\/p>\n\n\n\n<p>Xalapa, Ver.- Estudiantes de la Facultad de Derecho y trabajadores del poder Judicial se manifestaron en la Plaza Lerdo donde denunciaron que est\u00e1n amenazando a algunos de sus compa\u00f1eros, que han organizado las manifestaciones, por estar en contra de la reforma al poder Judicial Federal.<\/p>\n\n\n\n<p>Entrevistado durante la manifestaci\u00f3n Mart\u00edn P\u00e9rez Herrera trabajador del Poder Judicial de la Federaci\u00f3n se\u00f1al\u00f3 que, &#8220;mira no voy a acelerar nada que no me conste pero de buena fuente he tenido algunos testimonios de que a estudiante que han organizado estas manifestaciones les han hecho algunas advertencias de que tengan cuidado, de que saben quienes son&#8221;.<\/p>\n\n\n\n<p>Se\u00f1al\u00f3 que como ciudadano y como trabajador del poder judicial de la federaci\u00f3n repudian ese tipo de acciones ya que es un reflejo de la opresi\u00f3n que est\u00e1n ejerciendo no s\u00f3lo sobre los trabajadores del PJF si no tambi\u00e9n en contra de ciudadanos y en contra de estudiantes, la cual es indignante.<\/p>\n\n\n\n<p>Desconoce a ciencia cierta de donde provengan las amenazas, pero se atreve a decir que pueden ser las autoridades que est\u00e1n alineadas en este caso con el partido de Morena.<\/p>\n\n\n\n<p>Una de las estudiantes de la facultad de Derecho dio a conocer que es necesario escuchar a las personas en sus afectaciones y en que pueden ayudarlos, pero tambi\u00e9n \u00a0piden a la sociedad civil que los escuche ya que est\u00e1 Reforma no busca lo que ellos quieren ya que no busca justicia ni libertad, no busca apoyo a las sociedades ni a los grupos vulnerables.<\/p>\n\n\n\n<p>&#8220;Busca el privilegio, busca el voto popular de jueces, busca la concentraci\u00f3n de un estado que no puede ser \u00fanico busca la consolidaci\u00f3n de cosas que afectan al pa\u00eds y eso es lo que vienen a exponer el d\u00eda de hoy&#8221;, se\u00f1alaron.<\/p>\n\n\n\n<p>Por \u00faltimo volvieron a dar lectura al documento que presentaron el d\u00eda de ayer donde se\u00f1alan todo lo que conlleva la reforma al Poder Judicial de la Federaci\u00f3n, por lo cual se manifestaron en la plaza Lerdo, marcharon por las principales calles del centro de la ciudad y bloqueaban de forma intermitente la calle de Enr\u00edquez.<\/p>\n","protected":false},"excerpt":{"rendered":"<p>Dar\u00edo Pale Xalapa, Ver.- Estudiantes de la Facultad de Derecho y trabajadores del poder Judicial se manifestaron en la Plaza Lerdo donde denunciaron que est\u00e1n amenazando a algunos de sus compa\u00f1eros, que han organizado las manifestaciones, por estar en contra de la reforma al poder Judicial Federal. Entrevistado durante la manifestaci\u00f3n Mart\u00edn P\u00e9rez Herrera trabajador [&hellip;]<\/p>\n","protected":false},"author":2476,"featured_media":58328,"comment_status":"open","ping_status":"open","sticky":false,"template":"","format":"standard","meta":{"_jetpack_memberships_contains_paid_content":false,"footnotes":""},"categories":[3],"tags":[],"class_list":["post-58327","post","type-post","status-publish","format-standard","has-post-thumbnail","hentry","category-xalapa"],"jetpack_featured_media_url":"https:\/\/encuentroinformativo.com.mx\/wp-content\/uploads\/2024\/09\/IMG-20240906-WA0081.jpg","jetpack_sharing_enabled":true,"jetpack_likes_enabled":true,"amp_enabled":true,"_links":{"self":[{"href":"https:\/\/encuentroinformativo.com.mx\/index.php?rest_route=\/wp\/v2\/posts\/58327","targetHints":{"allow":["GET"]}}],"collection":[{"href":"https:\/\/encuentroinformativo.com.mx\/index.php?rest_route=\/wp\/v2\/posts"}],"about":[{"href":"https:\/\/encuentroinformativo.com.mx\/index.php?rest_route=\/wp\/v2\/types\/post"}],"author":[{"embeddable":true,"href":"https:\/\/encuentroinformativo.com.mx\/index.php?rest_route=\/wp\/v2\/users\/2476"}],"replies":[{"embeddable":true,"href":"https:\/\/encuentroinformativo.com.mx\/index.php?rest_route=%2Fwp%2Fv2%2Fcomments&post=58327"}],"version-history":[{"count":1,"href":"https:\/\/encuentroinformativo.com.mx\/index.php?rest_route=\/wp\/v2\/posts\/58327\/revisions"}],"predecessor-version":[{"id":58329,"href":"https:\/\/encuentroinformativo.com.mx\/index.php?rest_route=\/wp\/v2\/posts\/58327\/revisions\/58329"}],"wp:featuredmedia":[{"embeddable":true,"href":"https:\/\/encuentroinformativo.com.mx\/index.php?rest_route=\/wp\/v2\/media\/58328"}],"wp:attachment":[{"href":"https:\/\/encuentroinformativo.com.mx\/index.php?rest_route=%2Fwp%2Fv2%2Fmedia&parent=58327"}],"wp:term":[{"taxonomy":"category","embeddable":true,"href":"https:\/\/encuentroinformativo.com.mx\/index.php?rest_route=%2Fwp%2Fv2%2Fcategories&post=58327"},{"taxonomy":"post_tag","embeddable":true,"href":"https:\/\/encuentroinformativo.com.mx\/index.php?rest_route=%2Fwp%2Fv2%2Ftags&post=58327"}],"curies":[{"name":"wp","href":"https:\/\/api.w.org\/{rel}","templated":true}]}}