{"id":5834,"date":"2020-09-14T13:13:59","date_gmt":"2020-09-14T18:13:59","guid":{"rendered":"https:\/\/encuentroinformativo.com.mx\/?p=5834"},"modified":"2020-09-14T13:14:02","modified_gmt":"2020-09-14T18:14:02","slug":"por-fuegos-artificiales-implementara-pc-operativo-en-municipios","status":"publish","type":"post","link":"https:\/\/encuentroinformativo.com.mx\/?p=5834","title":{"rendered":"Por fuegos artificiales, implementar\u00e1 PC operativo en municipios"},"content":{"rendered":"\n<p><strong>Dar\u00edo Pale <\/strong><\/p>\n\n\n\n<p>Xalapa, Ver.- La titular de la Secretar\u00eda de Protecci\u00f3n Civil (PC), Guadalupe Osorno Maldonado dio a conocer que pese a que no se prev\u00e9 que se realicen las ceremonias del grito de Independencia con la asistencia de las personas implementar\u00e1n un operativo.<\/p>\n\n\n\n<p>Entrevistada en las calles del centro de Xalapa se\u00f1al\u00f3 que, la Secretar\u00eda de Protecci\u00f3n Civil desplegar\u00e1 un operativo coordinado con las secretar\u00edas de Seguridad P\u00fablica y de Gobierno donde se use pirotecnia, en la capital del estado.<\/p>\n\n\n\n<p>&#8220;Tenemos un reporte de cu\u00e1les municipios. Los eventos de convocatoria en ning\u00fan municipio se van a llevar a cabo. En algunos va a ser la convocatoria virtual y en otros lados se suspendi\u00f3 el evento&#8221;, se\u00f1al\u00f3.<\/p>\n\n\n\n<p>Dio a conocer que el operativo ser\u00e1 menor, pero no dejar\u00e1n de atender los puntos donde haya fuegos artificiales.<\/p>\n\n\n\n<p>Lo anterior se debe a que el a\u00f1o pasado en Xalapa ocurri\u00f3 un accidente que provoc\u00f3 lesiones por fallas en el manejo de pirotecnia durante esta celebraci\u00f3n.<\/p>\n","protected":false},"excerpt":{"rendered":"<p>Dar\u00edo Pale Xalapa, Ver.- La titular de la Secretar\u00eda de Protecci\u00f3n Civil (PC), Guadalupe Osorno Maldonado dio a conocer que pese a que no se prev\u00e9 que se realicen las ceremonias del grito de Independencia con la asistencia de las personas implementar\u00e1n un operativo. Entrevistada en las calles del centro de Xalapa se\u00f1al\u00f3 que, la [&hellip;]<\/p>\n","protected":false},"author":1,"featured_media":5835,"comment_status":"open","ping_status":"open","sticky":false,"template":"","format":"aside","meta":{"_jetpack_memberships_contains_paid_content":false,"footnotes":""},"categories":[2],"tags":[],"class_list":["post-5834","post","type-post","status-publish","format-aside","has-post-thumbnail","hentry","category-estado","post_format-post-format-aside"],"jetpack_featured_media_url":"https:\/\/encuentroinformativo.com.mx\/wp-content\/uploads\/2020\/09\/C3D277D6-299F-4F52-8F61-CB56EAEE8684.jpeg","jetpack_sharing_enabled":true,"jetpack_likes_enabled":true,"amp_enabled":true,"_links":{"self":[{"href":"https:\/\/encuentroinformativo.com.mx\/index.php?rest_route=\/wp\/v2\/posts\/5834","targetHints":{"allow":["GET"]}}],"collection":[{"href":"https:\/\/encuentroinformativo.com.mx\/index.php?rest_route=\/wp\/v2\/posts"}],"about":[{"href":"https:\/\/encuentroinformativo.com.mx\/index.php?rest_route=\/wp\/v2\/types\/post"}],"author":[{"embeddable":true,"href":"https:\/\/encuentroinformativo.com.mx\/index.php?rest_route=\/wp\/v2\/users\/1"}],"replies":[{"embeddable":true,"href":"https:\/\/encuentroinformativo.com.mx\/index.php?rest_route=%2Fwp%2Fv2%2Fcomments&post=5834"}],"version-history":[{"count":1,"href":"https:\/\/encuentroinformativo.com.mx\/index.php?rest_route=\/wp\/v2\/posts\/5834\/revisions"}],"predecessor-version":[{"id":5836,"href":"https:\/\/encuentroinformativo.com.mx\/index.php?rest_route=\/wp\/v2\/posts\/5834\/revisions\/5836"}],"wp:featuredmedia":[{"embeddable":true,"href":"https:\/\/encuentroinformativo.com.mx\/index.php?rest_route=\/wp\/v2\/media\/5835"}],"wp:attachment":[{"href":"https:\/\/encuentroinformativo.com.mx\/index.php?rest_route=%2Fwp%2Fv2%2Fmedia&parent=5834"}],"wp:term":[{"taxonomy":"category","embeddable":true,"href":"https:\/\/encuentroinformativo.com.mx\/index.php?rest_route=%2Fwp%2Fv2%2Fcategories&post=5834"},{"taxonomy":"post_tag","embeddable":true,"href":"https:\/\/encuentroinformativo.com.mx\/index.php?rest_route=%2Fwp%2Fv2%2Ftags&post=5834"}],"curies":[{"name":"wp","href":"https:\/\/api.w.org\/{rel}","templated":true}]}}