{"id":58345,"date":"2024-09-06T20:32:58","date_gmt":"2024-09-07T02:32:58","guid":{"rendered":"https:\/\/encuentroinformativo.com.mx\/?p=58345"},"modified":"2024-09-06T20:33:03","modified_gmt":"2024-09-07T02:33:03","slug":"ante-pronostico-de-lluvias-instala-ricardo-ahued-mesa-permanente-de-atencion","status":"publish","type":"post","link":"https:\/\/encuentroinformativo.com.mx\/?p=58345","title":{"rendered":"Ante pron\u00f3stico de lluvias, instala Ricardo Ahued mesa permanente de atenci\u00f3n"},"content":{"rendered":"\n<p>* Para este fin de semana se prev\u00e9n precipitaciones pluviales de moderadas a intensas.<\/p>\n\n\n\n<p>Xalapa, Ver.- Con el fin de brindar una respuesta oportuna ante cualquier tipo de contingencia asociada a las lluvias pronosticadas para este fin de semana por la presencia del Frente Fr\u00edo 1 y la Onda Tropical 21, el presidente municipal Ricardo Ahued Bardahuil instal\u00f3 esta tarde la mesa permanente de atenci\u00f3n del Sistema Municipal de Protecci\u00f3n Civil.<\/p>\n\n\n\n<p>Ante los titulares de todas las \u00e1reas operativas del Ayuntamiento que participan en la mesa, el Edil inform\u00f3 que se prev\u00e9n lluvias de moderadas a intensas en la regi\u00f3n, por lo que instruy\u00f3 a establecer guardias laborales permanentes en las diversas \u00e1reas del Ayuntamiento las 24 horas del d\u00eda.<\/p>\n\n\n\n<p>Asimismo, destac\u00f3 que con el apoyo de la Direcci\u00f3n de Administraci\u00f3n se dispondr\u00e1 de las herramientas y requerimientos de las \u00e1reas operativas para apoyar a la poblaci\u00f3n que habita en zonas de alto riesgo y mantener la vigilancia en la colonia 9 de Abril, donde el jueves por la noche se registr\u00f3 un deslave.<\/p>\n\n\n\n<p>El objetivo, dijo, es estar preparados para responder a las necesidades de la ciudadan\u00eda y no suspender en ning\u00fan momento la atenci\u00f3n por falta de personal o equipamiento.<\/p>\n\n\n\n<p>Al acto protocolario de instalaci\u00f3n asistieron titulares y funcionariado de las direcciones de Protecci\u00f3n Civil, la Comisi\u00f3n Municipal de Agua Potable y Saneamiento (CMAS), Obras P\u00fablicas, Medio Ambiente, Alumbrado P\u00fablico, el DIF Municipal, Limpia P\u00fablica, Participaci\u00f3n Ciudadana y Administraci\u00f3n, entre otras.<\/p>\n","protected":false},"excerpt":{"rendered":"<p>* Para este fin de semana se prev\u00e9n precipitaciones pluviales de moderadas a intensas. Xalapa, Ver.- Con el fin de brindar una respuesta oportuna ante cualquier tipo de contingencia asociada a las lluvias pronosticadas para este fin de semana por la presencia del Frente Fr\u00edo 1 y la Onda Tropical 21, el presidente municipal Ricardo [&hellip;]<\/p>\n","protected":false},"author":2476,"featured_media":58346,"comment_status":"open","ping_status":"open","sticky":false,"template":"","format":"standard","meta":{"_jetpack_memberships_contains_paid_content":false,"footnotes":""},"categories":[3],"tags":[],"class_list":["post-58345","post","type-post","status-publish","format-standard","has-post-thumbnail","hentry","category-xalapa"],"jetpack_featured_media_url":"https:\/\/encuentroinformativo.com.mx\/wp-content\/uploads\/2024\/09\/IMG-20240906-WA0116.jpg","jetpack_sharing_enabled":true,"jetpack_likes_enabled":true,"amp_enabled":true,"_links":{"self":[{"href":"https:\/\/encuentroinformativo.com.mx\/index.php?rest_route=\/wp\/v2\/posts\/58345","targetHints":{"allow":["GET"]}}],"collection":[{"href":"https:\/\/encuentroinformativo.com.mx\/index.php?rest_route=\/wp\/v2\/posts"}],"about":[{"href":"https:\/\/encuentroinformativo.com.mx\/index.php?rest_route=\/wp\/v2\/types\/post"}],"author":[{"embeddable":true,"href":"https:\/\/encuentroinformativo.com.mx\/index.php?rest_route=\/wp\/v2\/users\/2476"}],"replies":[{"embeddable":true,"href":"https:\/\/encuentroinformativo.com.mx\/index.php?rest_route=%2Fwp%2Fv2%2Fcomments&post=58345"}],"version-history":[{"count":1,"href":"https:\/\/encuentroinformativo.com.mx\/index.php?rest_route=\/wp\/v2\/posts\/58345\/revisions"}],"predecessor-version":[{"id":58347,"href":"https:\/\/encuentroinformativo.com.mx\/index.php?rest_route=\/wp\/v2\/posts\/58345\/revisions\/58347"}],"wp:featuredmedia":[{"embeddable":true,"href":"https:\/\/encuentroinformativo.com.mx\/index.php?rest_route=\/wp\/v2\/media\/58346"}],"wp:attachment":[{"href":"https:\/\/encuentroinformativo.com.mx\/index.php?rest_route=%2Fwp%2Fv2%2Fmedia&parent=58345"}],"wp:term":[{"taxonomy":"category","embeddable":true,"href":"https:\/\/encuentroinformativo.com.mx\/index.php?rest_route=%2Fwp%2Fv2%2Fcategories&post=58345"},{"taxonomy":"post_tag","embeddable":true,"href":"https:\/\/encuentroinformativo.com.mx\/index.php?rest_route=%2Fwp%2Fv2%2Ftags&post=58345"}],"curies":[{"name":"wp","href":"https:\/\/api.w.org\/{rel}","templated":true}]}}