{"id":58348,"date":"2024-09-06T20:37:32","date_gmt":"2024-09-07T02:37:32","guid":{"rendered":"https:\/\/encuentroinformativo.com.mx\/?p=58348"},"modified":"2024-09-06T20:37:37","modified_gmt":"2024-09-07T02:37:37","slug":"el-unico-poder-que-debe-prevalecer-es-el-del-pueblo-eleazar-guerrero","status":"publish","type":"post","link":"https:\/\/encuentroinformativo.com.mx\/?p=58348","title":{"rendered":"El \u00fanico poder que debe prevalecer, es el del pueblo; Eleazar Guerrero"},"content":{"rendered":"\n<p>*Participa el diputado federal en Foro Acad\u00e9mico.<\/p>\n\n\n\n<p>*Ning\u00fan diputado de MORENA votar\u00e1 para afectar al trabajador.<\/p>\n\n\n\n<p>Xalapa, Ver.- El diputado federal y l\u00edder de la expresi\u00f3n ciudadana <em>Unidos Todos<\/em>, Maestro Eleazar Guerrero P\u00e9rez, tuvo una destacada participaci\u00f3n como ponente en el <em>Foro Acad\u00e9mico Reforma al Poder Judicial<\/em>, un espacio de reflexi\u00f3n y debate que reuni\u00f3 a acad\u00e9micos, estudiantes y especialistas en la materia. Durante el evento, Guerrero P\u00e9rez comparti\u00f3 su experiencia como legislador de reciente ingreso, destacando la relevancia de participar en una reforma constitucional de tal magnitud.<\/p>\n\n\n\n<p>&#8220;Nosotros acabamos de entrar apenas a la C\u00e1mara, somos primerizos, pero mira que estrenarnos con una reforma constitucional de las m\u00e1s profundas que ha habido en los \u00faltimos a\u00f1os, pues es todo un privilegio&#8221;, afirm\u00f3 el diputado federal, resaltando la trascendencia de esta reforma dentro de su carrera legislativa.<\/p>\n\n\n\n<p>Guerrero P\u00e9rez subray\u00f3 la importancia de este tipo de foros acad\u00e9micos para la difusi\u00f3n y comprensi\u00f3n de las reformas en curso. En su intervenci\u00f3n, hizo un llamado a la sociedad a involucrarse en estos procesos, reconociendo que la participaci\u00f3n ciudadana es clave para fortalecer el sistema democr\u00e1tico.<\/p>\n\n\n\n<p>El legislador de MORENA expuso que la reforma al Poder Judicial, actualmente aprobada en lo general y particular en la C\u00e1mara de Diputados, est\u00e1 leg\u00edtimamente sostenida por la Constituci\u00f3n y busca acabar con a\u00f1os de enga\u00f1os y falta de transparencia en el ejercicio del poder. &#8220;El pueblo le ha dado una gran lecci\u00f3n al gobierno de derecha en el 2018 con el inicio de la Cuarta Transformaci\u00f3n&#8221;, apunt\u00f3 Guerrero P\u00e9rez, haciendo referencia al cambio de rumbo pol\u00edtico que ha experimentado el pa\u00eds en los \u00faltimos a\u00f1os.<\/p>\n\n\n\n<p>Durante su participaci\u00f3n, el diputado afirm\u00f3 que esta reforma dotar\u00e1 de legitimidad al Poder Judicial al permitir que el pueblo sea quien elija directamente a sus representantes en dicho poder. Enfatiz\u00f3 que la justicia es un derecho fundamental para la vida p\u00fablica, y que su partido, MORENA, est\u00e1 comprometido con garantizar que ninguna reforma afecte los derechos de las y los trabajadores. &#8220;El \u00fanico poder que debe prevalecer es el del pueblo&#8221;, concluy\u00f3 Guerrero P\u00e9rez.<\/p>\n\n\n\n<p>El Foro Acad\u00e9mico \u201cReforma al Poder Judicial\u201d fue una oportunidad para que j\u00f3venes estudiantes conocieran de primera mano los avances y retos que enfrenta el pa\u00eds en materia de justicia, as\u00ed como la postura de las y los legisladores que impulsan la transformaci\u00f3n del sistema judicial mexicano.<\/p>\n\n\n\n<figure class=\"wp-block-image size-large\"><img loading=\"lazy\" decoding=\"async\" width=\"993\" height=\"1024\" src=\"https:\/\/encuentroinformativo.com.mx\/wp-content\/uploads\/2024\/09\/1000379651-993x1024.jpg\" alt=\"\" class=\"wp-image-58350\" srcset=\"https:\/\/encuentroinformativo.com.mx\/wp-content\/uploads\/2024\/09\/1000379651-993x1024.jpg 993w, https:\/\/encuentroinformativo.com.mx\/wp-content\/uploads\/2024\/09\/1000379651-291x300.jpg 291w, https:\/\/encuentroinformativo.com.mx\/wp-content\/uploads\/2024\/09\/1000379651-768x792.jpg 768w, https:\/\/encuentroinformativo.com.mx\/wp-content\/uploads\/2024\/09\/1000379651.jpg 1345w\" sizes=\"auto, (max-width: 993px) 100vw, 993px\" \/><\/figure>\n","protected":false},"excerpt":{"rendered":"<p>*Participa el diputado federal en Foro Acad\u00e9mico. *Ning\u00fan diputado de MORENA votar\u00e1 para afectar al trabajador. Xalapa, Ver.- El diputado federal y l\u00edder de la expresi\u00f3n ciudadana Unidos Todos, Maestro Eleazar Guerrero P\u00e9rez, tuvo una destacada participaci\u00f3n como ponente en el Foro Acad\u00e9mico Reforma al Poder Judicial, un espacio de reflexi\u00f3n y debate que reuni\u00f3 [&hellip;]<\/p>\n","protected":false},"author":2476,"featured_media":58349,"comment_status":"open","ping_status":"open","sticky":false,"template":"","format":"standard","meta":{"_jetpack_memberships_contains_paid_content":false,"footnotes":""},"categories":[2],"tags":[],"class_list":["post-58348","post","type-post","status-publish","format-standard","has-post-thumbnail","hentry","category-estado"],"jetpack_featured_media_url":"https:\/\/encuentroinformativo.com.mx\/wp-content\/uploads\/2024\/09\/IMG-20240906-WA0122-scaled.jpg","jetpack_sharing_enabled":true,"jetpack_likes_enabled":true,"amp_enabled":true,"_links":{"self":[{"href":"https:\/\/encuentroinformativo.com.mx\/index.php?rest_route=\/wp\/v2\/posts\/58348","targetHints":{"allow":["GET"]}}],"collection":[{"href":"https:\/\/encuentroinformativo.com.mx\/index.php?rest_route=\/wp\/v2\/posts"}],"about":[{"href":"https:\/\/encuentroinformativo.com.mx\/index.php?rest_route=\/wp\/v2\/types\/post"}],"author":[{"embeddable":true,"href":"https:\/\/encuentroinformativo.com.mx\/index.php?rest_route=\/wp\/v2\/users\/2476"}],"replies":[{"embeddable":true,"href":"https:\/\/encuentroinformativo.com.mx\/index.php?rest_route=%2Fwp%2Fv2%2Fcomments&post=58348"}],"version-history":[{"count":1,"href":"https:\/\/encuentroinformativo.com.mx\/index.php?rest_route=\/wp\/v2\/posts\/58348\/revisions"}],"predecessor-version":[{"id":58351,"href":"https:\/\/encuentroinformativo.com.mx\/index.php?rest_route=\/wp\/v2\/posts\/58348\/revisions\/58351"}],"wp:featuredmedia":[{"embeddable":true,"href":"https:\/\/encuentroinformativo.com.mx\/index.php?rest_route=\/wp\/v2\/media\/58349"}],"wp:attachment":[{"href":"https:\/\/encuentroinformativo.com.mx\/index.php?rest_route=%2Fwp%2Fv2%2Fmedia&parent=58348"}],"wp:term":[{"taxonomy":"category","embeddable":true,"href":"https:\/\/encuentroinformativo.com.mx\/index.php?rest_route=%2Fwp%2Fv2%2Fcategories&post=58348"},{"taxonomy":"post_tag","embeddable":true,"href":"https:\/\/encuentroinformativo.com.mx\/index.php?rest_route=%2Fwp%2Fv2%2Ftags&post=58348"}],"curies":[{"name":"wp","href":"https:\/\/api.w.org\/{rel}","templated":true}]}}