{"id":58354,"date":"2024-09-07T14:16:37","date_gmt":"2024-09-07T20:16:37","guid":{"rendered":"https:\/\/encuentroinformativo.com.mx\/?p=58354"},"modified":"2024-09-07T14:16:59","modified_gmt":"2024-09-07T20:16:59","slug":"frente-por-la-republica-buscara-convertirse-en-partido-politico","status":"publish","type":"post","link":"https:\/\/encuentroinformativo.com.mx\/?p=58354","title":{"rendered":"Frente por la Rep\u00fablica buscar\u00e1 convertirse en partido pol\u00edtico"},"content":{"rendered":"\n<p><strong>Dar\u00edo Pale <\/strong><\/p>\n\n\n\n<p>Xalapa, Ver.- El\u00edas Miguel Moreno Brizuela presidente del Comit\u00e9 Ejecutivo Nacional del Frente por la Cuarta Rep\u00fablica dio a conocer que, est\u00e1n en contra de la sobrerrepresentaci\u00f3n en las c\u00e1maras por parte de Morena, de la Reforma al Poder Judicial y piden a Claudia Sheimbaum que pinte su raya con AMLO.<\/p>\n\n\n\n<p>En entrevista dijo que, son un a agrupaci\u00f3n pol\u00edtica Nacional que es el frente por la Cuarta Rep\u00fablica y que est\u00e1n buscando que para el 2025 ser un partido pol\u00edtico apoyaron a las candidatas de Morena Claudia Sheimbaum y a Roc\u00edo Nahle pero no est\u00e1n de acuerdo con lo que se est\u00e1 haciendo.<\/p>\n\n\n\n<p>&#8220;En primer lugar estamos en contra de la sobre representaci\u00f3n que se est\u00e1 presentando en las c\u00e1maras no es lo justo democr\u00e1ticamente Morena y sus aliados est\u00e1n sobre representando de manera importante grave est\u00e1n rompiendo con un principio de equidad en la democracia&#8221;, se\u00f1al\u00f3.<\/p>\n\n\n\n<p>&#8220;Y en relaci\u00f3n a la reforma judicial tampoco estamos de acuerdo, en que no estamos de acuerdo, no puede ser que el pueblo nombre a sus jueces si ni si quiera tiene la calidad de nombrar a sus diputados, sus representantes populares, entonces es muy grave que los jueces se elijan democr\u00e1ticamente entrecomillado, que no tengan capacidad aqu\u00ed el juez deber\u00eda de elegirse por ex\u00e1menes de oposici\u00f3n&#8221;, agreg\u00f3.<\/p>\n\n\n\n<p>Tendr\u00edan que ser m\u00ednimo un doctor en Derecho penal ser\u00eda quienes tendr\u00edan que estar al frente de una fiscal\u00eda y no un abogado &#8220;tinterillo que acaba de salir de la carrera y que est\u00e1 muy bien con alguna autoridad y que llega a juez.<\/p>\n\n\n\n<p>&#8220;Imag\u00ednate que te juzgue a ti por un delito alguien que no tiene ni la menor idea y que va a actuar por consigna y no por defender los principios del derecho&#8221;, coment\u00f3.<\/p>\n\n\n\n<p>El gasto que se erogar\u00eda para la elecci\u00f3n ser\u00eda lo de menos si se pudiera obtener un buen resultado pero si no es as\u00ed y encima se va a gastar es &#8220;una verdadera tonter\u00eda&#8221;, \u00a0somos de izquierda progresista creemos en un gobierno de izquierda hemos apoyado siempre a Cuauht\u00e9moc C\u00e1rdenas a Andr\u00e9s Manuel L\u00f3pez Obrador pero no le aplauden todo son muy cr\u00edticos.<\/p>\n\n\n\n<p>&#8220;Por muy importante que sea un hombre, en este caso Andr\u00e9s Manuel L\u00f3pez Obrador no est\u00e1 por encima de un proyecto pol\u00edtico y mucho menos por encima de las mexicanas y los mexicanos&#8221;, acus\u00f3.<\/p>\n\n\n\n<p>En cuanto a la desaparici\u00f3n de los organismos aut\u00f3nomos fue otro grave error, adem\u00e1s no todos los programas de protecci\u00f3n social son buenos, ya que est\u00e1n en contra del apoyo a todos los &#8220;ninis&#8221; ya que eso se le deber\u00eda de dar mejor a la salud y a la educaci\u00f3n y no a un &#8220;muchacho que se va a ir a emborrachar o a drogar&#8221; con ese dinero por lo que est\u00e1n en total desacuerdo.<\/p>\n\n\n\n<p>En materia de seguridad, de educaci\u00f3n y de salud no hay buenos resultados, por lo que conf\u00edan en la presidenta electa pero quieren que &#8220;pinte su raya&#8221;, y que haga un buen gobierno, pero no est\u00e1n de acuerdo con algunos nombramientos que ha realizado pero espera que con el debe ir de los d\u00edas haya cambios.<\/p>\n","protected":false},"excerpt":{"rendered":"<p>Dar\u00edo Pale Xalapa, Ver.- El\u00edas Miguel Moreno Brizuela presidente del Comit\u00e9 Ejecutivo Nacional del Frente por la Cuarta Rep\u00fablica dio a conocer que, est\u00e1n en contra de la sobrerrepresentaci\u00f3n en las c\u00e1maras por parte de Morena, de la Reforma al Poder Judicial y piden a Claudia Sheimbaum que pinte su raya con AMLO. En entrevista [&hellip;]<\/p>\n","protected":false},"author":2476,"featured_media":58355,"comment_status":"open","ping_status":"open","sticky":false,"template":"","format":"standard","meta":{"_jetpack_memberships_contains_paid_content":false,"footnotes":""},"categories":[2],"tags":[],"class_list":["post-58354","post","type-post","status-publish","format-standard","has-post-thumbnail","hentry","category-estado"],"jetpack_featured_media_url":"https:\/\/encuentroinformativo.com.mx\/wp-content\/uploads\/2024\/09\/IMG-20240907-WA0024.jpg","jetpack_sharing_enabled":true,"jetpack_likes_enabled":true,"amp_enabled":true,"_links":{"self":[{"href":"https:\/\/encuentroinformativo.com.mx\/index.php?rest_route=\/wp\/v2\/posts\/58354","targetHints":{"allow":["GET"]}}],"collection":[{"href":"https:\/\/encuentroinformativo.com.mx\/index.php?rest_route=\/wp\/v2\/posts"}],"about":[{"href":"https:\/\/encuentroinformativo.com.mx\/index.php?rest_route=\/wp\/v2\/types\/post"}],"author":[{"embeddable":true,"href":"https:\/\/encuentroinformativo.com.mx\/index.php?rest_route=\/wp\/v2\/users\/2476"}],"replies":[{"embeddable":true,"href":"https:\/\/encuentroinformativo.com.mx\/index.php?rest_route=%2Fwp%2Fv2%2Fcomments&post=58354"}],"version-history":[{"count":1,"href":"https:\/\/encuentroinformativo.com.mx\/index.php?rest_route=\/wp\/v2\/posts\/58354\/revisions"}],"predecessor-version":[{"id":58356,"href":"https:\/\/encuentroinformativo.com.mx\/index.php?rest_route=\/wp\/v2\/posts\/58354\/revisions\/58356"}],"wp:featuredmedia":[{"embeddable":true,"href":"https:\/\/encuentroinformativo.com.mx\/index.php?rest_route=\/wp\/v2\/media\/58355"}],"wp:attachment":[{"href":"https:\/\/encuentroinformativo.com.mx\/index.php?rest_route=%2Fwp%2Fv2%2Fmedia&parent=58354"}],"wp:term":[{"taxonomy":"category","embeddable":true,"href":"https:\/\/encuentroinformativo.com.mx\/index.php?rest_route=%2Fwp%2Fv2%2Fcategories&post=58354"},{"taxonomy":"post_tag","embeddable":true,"href":"https:\/\/encuentroinformativo.com.mx\/index.php?rest_route=%2Fwp%2Fv2%2Ftags&post=58354"}],"curies":[{"name":"wp","href":"https:\/\/api.w.org\/{rel}","templated":true}]}}