{"id":58366,"date":"2024-09-08T13:10:28","date_gmt":"2024-09-08T19:10:28","guid":{"rendered":"https:\/\/encuentroinformativo.com.mx\/?p=58366"},"modified":"2024-09-08T13:10:34","modified_gmt":"2024-09-08T19:10:34","slug":"el-bienestar-animal-un-compromiso-de-todos-diputado-federal-eleazar-guerrero-perez","status":"publish","type":"post","link":"https:\/\/encuentroinformativo.com.mx\/?p=58366","title":{"rendered":"El Bienestar animal, un compromiso de todos: Diputado Federal Eleazar Guerrero P\u00e9rez"},"content":{"rendered":"\n<p>* Ayuntamiento de Xalapa realiz\u00f3 la &#8220;Feria de Bienestar Animal con Causa&#8221;<\/p>\n\n\n\n<p>Xalapa, Ver.- El maestro y diputado federal Eleazar Guerrero P\u00e9rez fue invitado a atestiguar la noble labor que realiza el ayuntamiento de Xalapa y la direcci\u00f3n de salud, a trav\u00e9s de su departamento de Salud Animal, en el evento denominado \u201cFeria de Bienestar Animal con Causa\u201d.<\/p>\n\n\n\n<p>Esta feria tuvo como objetivo recibir donaciones, realizar una exhibici\u00f3n de adiestramiento con integrantes de la compa\u00f1\u00eda K9 de la Secretar\u00eda de Seguridad P\u00fablica, y llevar a cabo una pasarela de cachorritos para fomentar adopciones entre los asistentes, lo cual fue un \u00e9xito.<\/p>\n\n\n\n<p>El diputado federal Eleazar Guerrero P\u00e9rez fue uno de los invitados especiales, ya que siempre ha mostrado solidaridad con los grupos que protegen a los animales y les brindan refugio, as\u00ed como con aquellos activistas que luchan por defenderlos.<\/p>\n\n\n\n<p>El tambi\u00e9n dirigente de UNIDOS TODOS ha expresado en otras ocasiones que parte del humanismo mexicano implica un gran compromiso con todos los seres vivos y coincide con los protectores de animales que buscan el reconocimiento de los derechos de los animales, para que estos seres indefensos sean tratados con compasi\u00f3n y se cumplan las obligaciones de sus due\u00f1os.<\/p>\n\n\n\n<p>Al hacer uso de la palabra, el diputado federal record\u00f3 que \u201cquienes se comprometen con el cuidado de mascotas demuestran empat\u00eda, responsabilidad y un profundo respeto por la vida.\u201d Y remarc\u00f3: \u201cEl bienestar animal es un compromiso de todos\u201d.<\/p>\n\n\n\n<p>El legislador morenista reconoci\u00f3 el esfuerzo de las trabajadoras de la Direcci\u00f3n de Salud municipal, as\u00ed como a su directora, Olga Alarc\u00f3n Ric\u00e1rdez, de los grupos protectores de animales que les brindan albergue, de la direcci\u00f3n de Cultura municipal que se sum\u00f3 a esta causa, y al presidente municipal Ricardo Ahued Bardahuil, por su compromiso de atender la diversidad de problem\u00e1ticas que se viven en la capital, sin dejar de lado temas tan importantes como la protecci\u00f3n de los animales.<\/p>\n","protected":false},"excerpt":{"rendered":"<p>* Ayuntamiento de Xalapa realiz\u00f3 la &#8220;Feria de Bienestar Animal con Causa&#8221; Xalapa, Ver.- El maestro y diputado federal Eleazar Guerrero P\u00e9rez fue invitado a atestiguar la noble labor que realiza el ayuntamiento de Xalapa y la direcci\u00f3n de salud, a trav\u00e9s de su departamento de Salud Animal, en el evento denominado \u201cFeria de Bienestar [&hellip;]<\/p>\n","protected":false},"author":2476,"featured_media":58367,"comment_status":"open","ping_status":"open","sticky":false,"template":"","format":"standard","meta":{"_jetpack_memberships_contains_paid_content":false,"footnotes":""},"categories":[3],"tags":[],"class_list":["post-58366","post","type-post","status-publish","format-standard","has-post-thumbnail","hentry","category-xalapa"],"jetpack_featured_media_url":"https:\/\/encuentroinformativo.com.mx\/wp-content\/uploads\/2024\/09\/IMG-20240907-WA00562.jpg","jetpack_sharing_enabled":true,"jetpack_likes_enabled":true,"amp_enabled":true,"_links":{"self":[{"href":"https:\/\/encuentroinformativo.com.mx\/index.php?rest_route=\/wp\/v2\/posts\/58366","targetHints":{"allow":["GET"]}}],"collection":[{"href":"https:\/\/encuentroinformativo.com.mx\/index.php?rest_route=\/wp\/v2\/posts"}],"about":[{"href":"https:\/\/encuentroinformativo.com.mx\/index.php?rest_route=\/wp\/v2\/types\/post"}],"author":[{"embeddable":true,"href":"https:\/\/encuentroinformativo.com.mx\/index.php?rest_route=\/wp\/v2\/users\/2476"}],"replies":[{"embeddable":true,"href":"https:\/\/encuentroinformativo.com.mx\/index.php?rest_route=%2Fwp%2Fv2%2Fcomments&post=58366"}],"version-history":[{"count":1,"href":"https:\/\/encuentroinformativo.com.mx\/index.php?rest_route=\/wp\/v2\/posts\/58366\/revisions"}],"predecessor-version":[{"id":58368,"href":"https:\/\/encuentroinformativo.com.mx\/index.php?rest_route=\/wp\/v2\/posts\/58366\/revisions\/58368"}],"wp:featuredmedia":[{"embeddable":true,"href":"https:\/\/encuentroinformativo.com.mx\/index.php?rest_route=\/wp\/v2\/media\/58367"}],"wp:attachment":[{"href":"https:\/\/encuentroinformativo.com.mx\/index.php?rest_route=%2Fwp%2Fv2%2Fmedia&parent=58366"}],"wp:term":[{"taxonomy":"category","embeddable":true,"href":"https:\/\/encuentroinformativo.com.mx\/index.php?rest_route=%2Fwp%2Fv2%2Fcategories&post=58366"},{"taxonomy":"post_tag","embeddable":true,"href":"https:\/\/encuentroinformativo.com.mx\/index.php?rest_route=%2Fwp%2Fv2%2Ftags&post=58366"}],"curies":[{"name":"wp","href":"https:\/\/api.w.org\/{rel}","templated":true}]}}