{"id":5837,"date":"2020-09-14T13:28:41","date_gmt":"2020-09-14T18:28:41","guid":{"rendered":"https:\/\/encuentroinformativo.com.mx\/?p=5837"},"modified":"2020-09-14T13:28:44","modified_gmt":"2020-09-14T18:28:44","slug":"no-queremos-inconvenientes-con-los-ciudadanos-advierte-cisneros-burgos","status":"publish","type":"post","link":"https:\/\/encuentroinformativo.com.mx\/?p=5837","title":{"rendered":"\u201cNo queremos inconvenientes con los ciudadanos\u201d, advierte Cisneros Burgos"},"content":{"rendered":"\n<p><strong>*Pide no acudir a la Plaza Lerdo para el Grito de Independencia. <\/strong><\/p>\n\n\n\n<p><strong>Redacci\u00f3n<\/strong><\/p>\n\n\n\n<p>Xalapa, Ver.- Eric Cisneros Burgos secretario de Gobierno reiter\u00f3 que la Plaza Lerdo permanecer\u00e1 cerrada por los festejos del Grito de Independencia por lo que pidi\u00f3 a los ciudadanos que no acudan al centro de la ciudad.&nbsp;<\/p>\n\n\n\n<p>Durante la conferencia de prensa, ofrecida por el gobernador Cuitl\u00e1huac Garc\u00eda, el secretario de despacho advirti\u00f3 que no quiere \u201cinconvenientes\u201d con los ciudadanos por lo que reiter\u00f3 el llamado para que no acudan a la plaza como en a\u00f1os anteriores.&nbsp;<\/p>\n\n\n\n<p>Al respecto precis\u00f3: \u201cLa plaza Lerdo va a estar cerrada para todo p\u00fablico, no habr\u00e1 acceso a la Plaza\u2026 queremos reiterar, pedirles que para que no haya inconveniente con ning\u00fan ciudadano veracruzano, ni xalape\u00f1o, no vengan a Plaza Lerdo, pueden verlo a trav\u00e9s de redes sociales\u201d.<\/p>\n\n\n\n<p>No va haber acceso -reiter\u00f3- no queremos que se generen inconvenientes con los ciudadanos, que nos apoyen en ese sentido, queremos regresar lo m\u00e1s pronto posible al sem\u00e1foro amarillo.<\/p>\n\n\n\n<p>Finalmente coment\u00f3 que s\u00ed brindar\u00e1n accesos para la prensa que pueda transmitir las actividades a trav\u00e9s de sus medios de comunicaci\u00f3n, adem\u00e1s que en el caso de Xalapa se tendr\u00e1 espect\u00e1culo de fuegos artificiales desde cuatro diferentes puntos de la ciudad.\u00a0<\/p>\n","protected":false},"excerpt":{"rendered":"<p>*Pide no acudir a la Plaza Lerdo para el Grito de Independencia. Redacci\u00f3n Xalapa, Ver.- Eric Cisneros Burgos secretario de Gobierno reiter\u00f3 que la Plaza Lerdo permanecer\u00e1 cerrada por los festejos del Grito de Independencia por lo que pidi\u00f3 a los ciudadanos que no acudan al centro de la ciudad.&nbsp; Durante la conferencia de prensa, [&hellip;]<\/p>\n","protected":false},"author":1,"featured_media":5838,"comment_status":"open","ping_status":"open","sticky":false,"template":"","format":"aside","meta":{"_jetpack_memberships_contains_paid_content":false,"footnotes":""},"categories":[3],"tags":[],"class_list":["post-5837","post","type-post","status-publish","format-aside","has-post-thumbnail","hentry","category-xalapa","post_format-post-format-aside"],"jetpack_featured_media_url":"https:\/\/encuentroinformativo.com.mx\/wp-content\/uploads\/2020\/09\/1B05DC2D-8133-4AF1-8165-325A48D04EB0.jpeg","jetpack_sharing_enabled":true,"jetpack_likes_enabled":true,"amp_enabled":true,"_links":{"self":[{"href":"https:\/\/encuentroinformativo.com.mx\/index.php?rest_route=\/wp\/v2\/posts\/5837","targetHints":{"allow":["GET"]}}],"collection":[{"href":"https:\/\/encuentroinformativo.com.mx\/index.php?rest_route=\/wp\/v2\/posts"}],"about":[{"href":"https:\/\/encuentroinformativo.com.mx\/index.php?rest_route=\/wp\/v2\/types\/post"}],"author":[{"embeddable":true,"href":"https:\/\/encuentroinformativo.com.mx\/index.php?rest_route=\/wp\/v2\/users\/1"}],"replies":[{"embeddable":true,"href":"https:\/\/encuentroinformativo.com.mx\/index.php?rest_route=%2Fwp%2Fv2%2Fcomments&post=5837"}],"version-history":[{"count":1,"href":"https:\/\/encuentroinformativo.com.mx\/index.php?rest_route=\/wp\/v2\/posts\/5837\/revisions"}],"predecessor-version":[{"id":5839,"href":"https:\/\/encuentroinformativo.com.mx\/index.php?rest_route=\/wp\/v2\/posts\/5837\/revisions\/5839"}],"wp:featuredmedia":[{"embeddable":true,"href":"https:\/\/encuentroinformativo.com.mx\/index.php?rest_route=\/wp\/v2\/media\/5838"}],"wp:attachment":[{"href":"https:\/\/encuentroinformativo.com.mx\/index.php?rest_route=%2Fwp%2Fv2%2Fmedia&parent=5837"}],"wp:term":[{"taxonomy":"category","embeddable":true,"href":"https:\/\/encuentroinformativo.com.mx\/index.php?rest_route=%2Fwp%2Fv2%2Fcategories&post=5837"},{"taxonomy":"post_tag","embeddable":true,"href":"https:\/\/encuentroinformativo.com.mx\/index.php?rest_route=%2Fwp%2Fv2%2Ftags&post=5837"}],"curies":[{"name":"wp","href":"https:\/\/api.w.org\/{rel}","templated":true}]}}