{"id":58380,"date":"2024-09-09T12:56:28","date_gmt":"2024-09-09T18:56:28","guid":{"rendered":"https:\/\/encuentroinformativo.com.mx\/?p=58380"},"modified":"2024-09-09T12:56:33","modified_gmt":"2024-09-09T18:56:33","slug":"promueven-cuidado-de-salud-mental-en-jovenes","status":"publish","type":"post","link":"https:\/\/encuentroinformativo.com.mx\/?p=58380","title":{"rendered":"Promueven cuidado de Salud mental en j\u00f3venes"},"content":{"rendered":"\n<p><strong>Dar\u00edo Pale <\/strong><\/p>\n\n\n\n<p>Xalapa, Ver.- El doctor V\u00edctor Manuel Villanueva Hern\u00e1ndez Director del Instituto Veracruzano de Salud Mental, dio al conocer que, el suicidio es la tercera causa de muerte en la poblaci\u00f3n de 15 a 24 a\u00f1os, por ello se debe prevenir dando atenci\u00f3n a esta poblaci\u00f3n.<\/p>\n\n\n\n<p>En entrevista se\u00f1al\u00f3 que, un se celebra el D\u00eda Mundial de la Previsi\u00f3n del Suicidio que es cada 10 de septiembre a partir de hace 10 a\u00f1os, que es el d\u00eda de ma\u00f1ana por lo que hoy realizan una exposici\u00f3n para hablar de salud mental dentro del lema &#8220;Cambiemos la Narrativa&#8221;, es decir si se pueden prevenir estos suicidios.<\/p>\n\n\n\n<p>En cuanto a las estad\u00edsticas no tienen un problema Veracruz, esto es gracias a la gran poblaci\u00f3n y el impacto es m\u00e1s reflejado en estados con poblaci\u00f3n menor ya que su porcentaje si se ve m\u00e1s ruidosos.<\/p>\n\n\n\n<p>&#8220;Tenemos un incremento, la estad\u00edstica nacional es que seguimos en la alza del suicidio no se est\u00e1 como tal logrando como tal la prevenci\u00f3n y pues tambi\u00e9n sabemos que los factores o estresores sociales, intrafamiliares, escolares, por decirlo de alguna forma tambi\u00e9n se est\u00e1n incrementando, lo cuan, va a ponernos m\u00e1s en riesgo de esta situaci\u00f3n&#8221;, se\u00f1al\u00f3.<\/p>\n\n\n\n<p>Dijo que la poblaci\u00f3n de 15 a 24 a\u00f1os son los que m\u00e1s se ven afectados, por lo que los j\u00f3venes son los que m\u00e1s afectados al igual que en los adultos j\u00f3venes.<\/p>\n\n\n\n<p>Por lo anterior se est\u00e1n enfocando al adulto del estr\u00e9s cr\u00f3nico y est\u00e1n olvidando el estr\u00e9s cr\u00f3nico de los ni\u00f1os y adolescentes ya que se tiene la creencia de que ellos no se estresan y algo como el Burnout creo que debe de existir un nombre escolar, y hay infantes que ya consumen alguna sustancia.<\/p>\n\n\n\n<p>El consumo de sustancias los puede llevar al suicidio y es una de las facultades de riesgo para intentar suicidarse, subray\u00f3 que se debe prestar atenci\u00f3n a las lesiones que por distintas circunstancias se hacen los j\u00f3venes, ya sea cuando se provocan lesiones en extremidades con objetos punzo cortantes, lo que se conoce como cutting o en los des\u00f3rdenes de alimentaci\u00f3n.<\/p>\n\n\n\n<p>Para ello recomend\u00f3 llamar antes cualquier crisis psicol\u00f3gica a la l\u00ednea de la vida a los n\u00fameros: \u202a8002603100\u202c y \u202a2288145565\u202c o acudir directamente al Instituto Veracruzano de Salud Mental en Xalapa.<\/p>\n","protected":false},"excerpt":{"rendered":"<p>Dar\u00edo Pale Xalapa, Ver.- El doctor V\u00edctor Manuel Villanueva Hern\u00e1ndez Director del Instituto Veracruzano de Salud Mental, dio al conocer que, el suicidio es la tercera causa de muerte en la poblaci\u00f3n de 15 a 24 a\u00f1os, por ello se debe prevenir dando atenci\u00f3n a esta poblaci\u00f3n. En entrevista se\u00f1al\u00f3 que, un se celebra el [&hellip;]<\/p>\n","protected":false},"author":2476,"featured_media":58381,"comment_status":"open","ping_status":"open","sticky":false,"template":"","format":"standard","meta":{"_jetpack_memberships_contains_paid_content":false,"footnotes":""},"categories":[9],"tags":[],"class_list":["post-58380","post","type-post","status-publish","format-standard","has-post-thumbnail","hentry","category-salud"],"jetpack_featured_media_url":"https:\/\/encuentroinformativo.com.mx\/wp-content\/uploads\/2024\/09\/IMG-20240909-WA00202.jpg","jetpack_sharing_enabled":true,"jetpack_likes_enabled":true,"amp_enabled":true,"_links":{"self":[{"href":"https:\/\/encuentroinformativo.com.mx\/index.php?rest_route=\/wp\/v2\/posts\/58380","targetHints":{"allow":["GET"]}}],"collection":[{"href":"https:\/\/encuentroinformativo.com.mx\/index.php?rest_route=\/wp\/v2\/posts"}],"about":[{"href":"https:\/\/encuentroinformativo.com.mx\/index.php?rest_route=\/wp\/v2\/types\/post"}],"author":[{"embeddable":true,"href":"https:\/\/encuentroinformativo.com.mx\/index.php?rest_route=\/wp\/v2\/users\/2476"}],"replies":[{"embeddable":true,"href":"https:\/\/encuentroinformativo.com.mx\/index.php?rest_route=%2Fwp%2Fv2%2Fcomments&post=58380"}],"version-history":[{"count":1,"href":"https:\/\/encuentroinformativo.com.mx\/index.php?rest_route=\/wp\/v2\/posts\/58380\/revisions"}],"predecessor-version":[{"id":58382,"href":"https:\/\/encuentroinformativo.com.mx\/index.php?rest_route=\/wp\/v2\/posts\/58380\/revisions\/58382"}],"wp:featuredmedia":[{"embeddable":true,"href":"https:\/\/encuentroinformativo.com.mx\/index.php?rest_route=\/wp\/v2\/media\/58381"}],"wp:attachment":[{"href":"https:\/\/encuentroinformativo.com.mx\/index.php?rest_route=%2Fwp%2Fv2%2Fmedia&parent=58380"}],"wp:term":[{"taxonomy":"category","embeddable":true,"href":"https:\/\/encuentroinformativo.com.mx\/index.php?rest_route=%2Fwp%2Fv2%2Fcategories&post=58380"},{"taxonomy":"post_tag","embeddable":true,"href":"https:\/\/encuentroinformativo.com.mx\/index.php?rest_route=%2Fwp%2Fv2%2Ftags&post=58380"}],"curies":[{"name":"wp","href":"https:\/\/api.w.org\/{rel}","templated":true}]}}