{"id":5840,"date":"2020-09-14T14:40:17","date_gmt":"2020-09-14T19:40:17","guid":{"rendered":"https:\/\/encuentroinformativo.com.mx\/?p=5840"},"modified":"2020-09-14T14:40:20","modified_gmt":"2020-09-14T19:40:20","slug":"amagan-campesinos-con-reactivar-protestas","status":"publish","type":"post","link":"https:\/\/encuentroinformativo.com.mx\/?p=5840","title":{"rendered":"Amagan campesinos con reactivar protestas"},"content":{"rendered":"\n<p><strong>Juan Arcos <\/strong><\/p>\n\n\n\n<p>Xalapa, Ver.- Campesinos podr\u00edan reactivar marchas y protestas en la entidad para exigir que el campo veracruzano sea una prioridad para los gobiernos.<\/p>\n\n\n\n<p>As\u00ed lo dio a conocer el dirigente del Frente de Organizaciones Sociales Econ\u00f3micas del Campo (Fosec), Rafael Lindo Chaga, quien envi\u00f3 un mensaje al sector campesino sobre el inicio del proceso federal electoral rumbo a los comicios de 2021.<\/p>\n\n\n\n<p>En ese sentido, pidi\u00f3 a los campesinos no dejarse enga\u00f1ar durante las campa\u00f1as electorales y hacer un an\u00e1lisis m\u00e1s minucioso al momento de emitir su voto.<\/p>\n\n\n\n<p>\u201cUstedes saben que para el Gobierno no es prioridad el campo. Que hoy en d\u00eda el presupuesto que est\u00e1 enviando la Secretar\u00eda de Hacienda al Congreso de la Uni\u00f3n, lleva otro recorte importante para el campo\u201d.<\/p>\n\n\n\n<p>El l\u00edder de Fosec critic\u00f3 tambi\u00e9n el programa federal del Bienestar, pues a su juicio \u00e9ste no garantiza el desarrollo del campo ni de las familias dedicadas a la actividad agropecuaria.<\/p>\n\n\n\n<p>Adem\u00e1s, indic\u00f3 que la falta de pol\u00edticas p\u00fablicas ha ocasionado que campesinos agr\u00edcolas abandonen sus tierras para dedicarse a otras actividades que sean remunerables.<\/p>\n\n\n\n<p>\u201cNecesitamos incrementar la productividad. Necesitamos meternos en la agricultura comercial. Los invito a que participen con nosotros en el Frente de Organizaciones Sociales y Econ\u00f3micas del Campo\u201d, a\u00f1adi\u00f3.<\/p>\n\n\n\n<p>Lindo Chaga enfatiz\u00f3 que los productores est\u00e1n de pie, trabajando; sin embargo, asever\u00f3 que si es necesario tomar las calles o salir a marchar para que haya m\u00e1s apoyo para el campo, se iniciar\u00e1 un movimiento por parte del Frente de Organizaciones Sociales Econ\u00f3micas del Campo.<\/p>\n","protected":false},"excerpt":{"rendered":"<p>Juan Arcos Xalapa, Ver.- Campesinos podr\u00edan reactivar marchas y protestas en la entidad para exigir que el campo veracruzano sea una prioridad para los gobiernos. As\u00ed lo dio a conocer el dirigente del Frente de Organizaciones Sociales Econ\u00f3micas del Campo (Fosec), Rafael Lindo Chaga, quien envi\u00f3 un mensaje al sector campesino sobre el inicio del [&hellip;]<\/p>\n","protected":false},"author":1,"featured_media":970,"comment_status":"open","ping_status":"open","sticky":false,"template":"","format":"aside","meta":{"_jetpack_memberships_contains_paid_content":false,"footnotes":""},"categories":[2],"tags":[],"class_list":["post-5840","post","type-post","status-publish","format-aside","has-post-thumbnail","hentry","category-estado","post_format-post-format-aside"],"jetpack_featured_media_url":"https:\/\/encuentroinformativo.com.mx\/wp-content\/uploads\/2020\/03\/4382FDB5-4248-4292-A0B7-65799269BDCB.jpeg","jetpack_sharing_enabled":true,"jetpack_likes_enabled":true,"amp_enabled":true,"_links":{"self":[{"href":"https:\/\/encuentroinformativo.com.mx\/index.php?rest_route=\/wp\/v2\/posts\/5840","targetHints":{"allow":["GET"]}}],"collection":[{"href":"https:\/\/encuentroinformativo.com.mx\/index.php?rest_route=\/wp\/v2\/posts"}],"about":[{"href":"https:\/\/encuentroinformativo.com.mx\/index.php?rest_route=\/wp\/v2\/types\/post"}],"author":[{"embeddable":true,"href":"https:\/\/encuentroinformativo.com.mx\/index.php?rest_route=\/wp\/v2\/users\/1"}],"replies":[{"embeddable":true,"href":"https:\/\/encuentroinformativo.com.mx\/index.php?rest_route=%2Fwp%2Fv2%2Fcomments&post=5840"}],"version-history":[{"count":1,"href":"https:\/\/encuentroinformativo.com.mx\/index.php?rest_route=\/wp\/v2\/posts\/5840\/revisions"}],"predecessor-version":[{"id":5841,"href":"https:\/\/encuentroinformativo.com.mx\/index.php?rest_route=\/wp\/v2\/posts\/5840\/revisions\/5841"}],"wp:featuredmedia":[{"embeddable":true,"href":"https:\/\/encuentroinformativo.com.mx\/index.php?rest_route=\/wp\/v2\/media\/970"}],"wp:attachment":[{"href":"https:\/\/encuentroinformativo.com.mx\/index.php?rest_route=%2Fwp%2Fv2%2Fmedia&parent=5840"}],"wp:term":[{"taxonomy":"category","embeddable":true,"href":"https:\/\/encuentroinformativo.com.mx\/index.php?rest_route=%2Fwp%2Fv2%2Fcategories&post=5840"},{"taxonomy":"post_tag","embeddable":true,"href":"https:\/\/encuentroinformativo.com.mx\/index.php?rest_route=%2Fwp%2Fv2%2Ftags&post=5840"}],"curies":[{"name":"wp","href":"https:\/\/api.w.org\/{rel}","templated":true}]}}