{"id":58407,"date":"2024-09-10T11:33:03","date_gmt":"2024-09-10T17:33:03","guid":{"rendered":"https:\/\/encuentroinformativo.com.mx\/?p=58407"},"modified":"2024-09-10T11:33:09","modified_gmt":"2024-09-10T17:33:09","slug":"piden-agilizar-investigaciones-para-localizar-a-lider-canero-desaparecido","status":"publish","type":"post","link":"https:\/\/encuentroinformativo.com.mx\/?p=58407","title":{"rendered":"Piden agilizar investigaciones para localizar a l\u00edder ca\u00f1ero desaparecido"},"content":{"rendered":"\n<p><strong>Dar\u00edo Pale <\/strong><\/p>\n\n\n\n<p>Xalapa, Ver.- Al tomar protesta Carina Bautista, como nueva lider ca\u00f1era del ingenio &#8220;La Gloria&#8221; del municipio de \u00darsulo Galv\u00e1n, exigi\u00f3 se agilicen las investigaciones para dar con el paradero de su compa\u00f1ero Liborio Rafael V\u00e1zquez Narv\u00e1ez.<\/p>\n\n\n\n<p>Qui\u00e9n contin\u00faa desaparecido, de acuerdo con la Comisi\u00f3n Estatal de B\u00fasqueda (CEB). Fue visto por \u00faltima vez el 18 de junio de 2024, en Salmoral, La Antigua.<\/p>\n\n\n\n<p>El pasado 3 de septiembre, Carina Bautista fue designada nueva lider ca\u00f1era del ingenio &#8220;La Gloria&#8221;.<\/p>\n\n\n\n<p>El evento se realiz\u00f3 en el sal\u00f3n de \u00a0usos m\u00faltiples de la localidad La Gloria, municipio de \u00darsulo Galv\u00e1n.<\/p>\n\n\n\n<p>En una asamblea extraordinaria, se eligi\u00f3 a \u00a0la nueva dirigencia de \u00a0la Uni\u00f3n Agr\u00edcola Regional de Productores de Ca\u00f1a de Az\u00facar Ingenio La Gloria, (UARPCA).<\/p>\n\n\n\n<p>Asistieron mas de 500 \u00a0productores adheridos a la UARPCA se recibi\u00f3 la solicitud de inscripci\u00f3n de solo \u00a0una planilla que cumpli\u00f3 con los lineamientos expedidos por la convocatoria, misma que fue elegida por unanimidad.<\/p>\n\n\n\n<p>En su primer mensaje, la l\u00edder ca\u00f1era Carina Bautista, pidi\u00f3 la aparici\u00f3n de quien dirig\u00eda esta organizaci\u00f3n ca\u00f1era \u00a0Liborio Rafael V\u00e1zquez Narv\u00e1ez, \u00a0desaparecido desde el d\u00eda 18 de junio del presente a\u00f1o.<\/p>\n\n\n\n<p>En ese sentido, solicit\u00f3 la intervenci\u00f3n de las autoridades correspondientes para agilizar las investigaciones y saber que le pas\u00f3 a su compa\u00f1ero.<\/p>\n\n\n\n<p>Finalmente se\u00f1al\u00f3, &#8220;queremos saber que le pas\u00f3 a Liborio y estaremos pendientes del curso que tomen las investigaciones. Nosotros somos gente de paz y solo queremos trabajar&#8221;.<\/p>\n","protected":false},"excerpt":{"rendered":"<p>Dar\u00edo Pale Xalapa, Ver.- Al tomar protesta Carina Bautista, como nueva lider ca\u00f1era del ingenio &#8220;La Gloria&#8221; del municipio de \u00darsulo Galv\u00e1n, exigi\u00f3 se agilicen las investigaciones para dar con el paradero de su compa\u00f1ero Liborio Rafael V\u00e1zquez Narv\u00e1ez. Qui\u00e9n contin\u00faa desaparecido, de acuerdo con la Comisi\u00f3n Estatal de B\u00fasqueda (CEB). Fue visto por \u00faltima [&hellip;]<\/p>\n","protected":false},"author":2476,"featured_media":58410,"comment_status":"open","ping_status":"open","sticky":false,"template":"","format":"standard","meta":{"_jetpack_memberships_contains_paid_content":false,"footnotes":""},"categories":[8],"tags":[],"class_list":["post-58407","post","type-post","status-publish","format-standard","has-post-thumbnail","hentry","category-region"],"jetpack_featured_media_url":"https:\/\/encuentroinformativo.com.mx\/wp-content\/uploads\/2024\/09\/IMG-20240910-WA00292.jpg","jetpack_sharing_enabled":true,"jetpack_likes_enabled":true,"amp_enabled":true,"_links":{"self":[{"href":"https:\/\/encuentroinformativo.com.mx\/index.php?rest_route=\/wp\/v2\/posts\/58407","targetHints":{"allow":["GET"]}}],"collection":[{"href":"https:\/\/encuentroinformativo.com.mx\/index.php?rest_route=\/wp\/v2\/posts"}],"about":[{"href":"https:\/\/encuentroinformativo.com.mx\/index.php?rest_route=\/wp\/v2\/types\/post"}],"author":[{"embeddable":true,"href":"https:\/\/encuentroinformativo.com.mx\/index.php?rest_route=\/wp\/v2\/users\/2476"}],"replies":[{"embeddable":true,"href":"https:\/\/encuentroinformativo.com.mx\/index.php?rest_route=%2Fwp%2Fv2%2Fcomments&post=58407"}],"version-history":[{"count":1,"href":"https:\/\/encuentroinformativo.com.mx\/index.php?rest_route=\/wp\/v2\/posts\/58407\/revisions"}],"predecessor-version":[{"id":58409,"href":"https:\/\/encuentroinformativo.com.mx\/index.php?rest_route=\/wp\/v2\/posts\/58407\/revisions\/58409"}],"wp:featuredmedia":[{"embeddable":true,"href":"https:\/\/encuentroinformativo.com.mx\/index.php?rest_route=\/wp\/v2\/media\/58410"}],"wp:attachment":[{"href":"https:\/\/encuentroinformativo.com.mx\/index.php?rest_route=%2Fwp%2Fv2%2Fmedia&parent=58407"}],"wp:term":[{"taxonomy":"category","embeddable":true,"href":"https:\/\/encuentroinformativo.com.mx\/index.php?rest_route=%2Fwp%2Fv2%2Fcategories&post=58407"},{"taxonomy":"post_tag","embeddable":true,"href":"https:\/\/encuentroinformativo.com.mx\/index.php?rest_route=%2Fwp%2Fv2%2Ftags&post=58407"}],"curies":[{"name":"wp","href":"https:\/\/api.w.org\/{rel}","templated":true}]}}