{"id":58414,"date":"2024-09-10T14:05:20","date_gmt":"2024-09-10T20:05:20","guid":{"rendered":"https:\/\/encuentroinformativo.com.mx\/?p=58414"},"modified":"2024-09-10T14:05:27","modified_gmt":"2024-09-10T20:05:27","slug":"pendiente-trijaev-de-discutir-sentencia-por-sistema-de-video-vigilancia-en-bienio-pasado","status":"publish","type":"post","link":"https:\/\/encuentroinformativo.com.mx\/?p=58414","title":{"rendered":"Pendiente TRIJAEV de discutir sentencia por sistema de video vigilancia en bienio pasado"},"content":{"rendered":"\n<p><strong>Dar\u00edo Pale <\/strong><\/p>\n\n\n\n<p>Xalapa, Ver.- En un plazo de tres semanas discutir\u00e1n la sentencia por el fraude millonario en la instalaci\u00f3n del sistema de videovigilancia en el bienio de Miguel \u00c1ngel Yunes Linares, as\u00ed lo dio a conocer la magistrada presidenta del Tribunal de Justicia Administrativa de Veracruz (Trijaev), Leticia Aguilar Jim\u00e9nez.<\/p>\n\n\n\n<p>Entrevistada luego de rendir guardia de honor al monumento de Miguel Hidalgo, adelant\u00f3 que en los pr\u00f3ximos d\u00edas se circular\u00e1 el proyecto de la ponencia referente a dicho expediente, mencion\u00f3 que quien tiene el proyecto es la ponencia 3, especializada en responsabilidades administrativas.<\/p>\n\n\n\n<p>&#8220;Ese tema est\u00e1 en Sala Superior, ya se turn\u00f3 a la ponencia de Responsabilidades Administrativas, en pr\u00f3ximos d\u00edas ya sale el proyecto y circula para que se sesione en Sala Superior&#8221;, se\u00f1al\u00f3.<\/p>\n\n\n\n<p>Estim\u00f3 que en cuesti\u00f3n de quiz\u00e1 tres semanas se analizar\u00e1 la sentencia, ello luego de que el Tribunal inhabilitara por 20 a\u00f1os al exsecretario de Seguridad P\u00fablica, Jaime T\u00e9llez Mari\u00e9, as\u00ed como a tres exfuncionarios m\u00e1s por el da\u00f1o patrimonial causado en el pago para la instalaci\u00f3n del sistema de c\u00e1maras de videovigilancia por parte de la empresa COMTELSAT.<\/p>\n\n\n\n<p>Los exfuncionarios de Yunes apelaron en Sala Regional la sanci\u00f3n y el pago por 700 millones de pesos.<\/p>\n\n\n\n<p>Por otra parte la Magistrada precis\u00f3 que cada semana sesionan, por lo que hay aproximadamente 280 expedientes de la Sala Superior.<\/p>\n\n\n\n<p>Detall\u00f3 que semanalmente logran resolver de dos a tres proyectos por ponencia, por lo que una tercera parte son de responsabilidad administrativa.<\/p>\n\n\n\n<p>Puntualiz\u00f3 que de entre los expedientes hay responsabilidades administrativas a exfuncionarios de Javier Duarte, de la administraci\u00f3n de Miguel \u00c1ngel Yunes Linares y del actual gobierno de Cuitl\u00e1huac Garc\u00eda Jim\u00e9nez.<\/p>\n\n\n\n<p>La togada coment\u00f3 que a lo largo del periodo que lleva al frente de este tribunal han inhabilitado a diversos servidores p\u00fablicos de varias administraciones, por lo que record\u00f3 que las sanciones o inhabilitaciones van desde los 30 d\u00edas, un a\u00f1o y hasta 10 a\u00f1os.<\/p>\n\n\n\n<p>Coment\u00f3 que muchos de los exfuncionarios que han sido sancionados son de la Secretar\u00eda de Finanzas y Planeaci\u00f3n en el periodo de la administraci\u00f3n de Javier Duarte.<\/p>\n\n\n\n<p>Asimismo, de varios fideicomisos por mal manejo de los recursos p\u00fablicos, \u00a0ya que se presentan observaciones tanto de la Auditor\u00eda Superior de la Federaci\u00f3n como del \u00d3rgano de Fiscalizaci\u00f3n Superior (ORFIS) del Estado.<\/p>\n\n\n\n<p>Estim\u00f3 que por ello que han inhabilitado a unos 20 exfuncionarios y tambi\u00e9n funcionarios del gobierno de Morena.<\/p>\n\n\n\n<p>&#8220;Que yo recuerde como 3 (del gobierno de Cuitl\u00e1huac Garc\u00eda), tenemos uno reciente que fue un \u00d3rgano interno de Control&#8221;, revel\u00f3.<\/p>\n\n\n\n<p>Por \u00faltimo en el caso de los ayuntamientos, defini\u00f3 que han sido sanciones por cuestiones administrativas en donde ellos ten\u00edan la obligaci\u00f3n hacer y no hicieron, por lo que se le iniciaron procedimientos administrativos.<\/p>\n","protected":false},"excerpt":{"rendered":"<p>Dar\u00edo Pale Xalapa, Ver.- En un plazo de tres semanas discutir\u00e1n la sentencia por el fraude millonario en la instalaci\u00f3n del sistema de videovigilancia en el bienio de Miguel \u00c1ngel Yunes Linares, as\u00ed lo dio a conocer la magistrada presidenta del Tribunal de Justicia Administrativa de Veracruz (Trijaev), Leticia Aguilar Jim\u00e9nez. Entrevistada luego de rendir [&hellip;]<\/p>\n","protected":false},"author":2476,"featured_media":58415,"comment_status":"open","ping_status":"open","sticky":false,"template":"","format":"standard","meta":{"_jetpack_memberships_contains_paid_content":false,"footnotes":""},"categories":[2],"tags":[],"class_list":["post-58414","post","type-post","status-publish","format-standard","has-post-thumbnail","hentry","category-estado"],"jetpack_featured_media_url":"https:\/\/encuentroinformativo.com.mx\/wp-content\/uploads\/2024\/09\/IMG-20240910-WA0072.jpg","jetpack_sharing_enabled":true,"jetpack_likes_enabled":true,"amp_enabled":true,"_links":{"self":[{"href":"https:\/\/encuentroinformativo.com.mx\/index.php?rest_route=\/wp\/v2\/posts\/58414","targetHints":{"allow":["GET"]}}],"collection":[{"href":"https:\/\/encuentroinformativo.com.mx\/index.php?rest_route=\/wp\/v2\/posts"}],"about":[{"href":"https:\/\/encuentroinformativo.com.mx\/index.php?rest_route=\/wp\/v2\/types\/post"}],"author":[{"embeddable":true,"href":"https:\/\/encuentroinformativo.com.mx\/index.php?rest_route=\/wp\/v2\/users\/2476"}],"replies":[{"embeddable":true,"href":"https:\/\/encuentroinformativo.com.mx\/index.php?rest_route=%2Fwp%2Fv2%2Fcomments&post=58414"}],"version-history":[{"count":1,"href":"https:\/\/encuentroinformativo.com.mx\/index.php?rest_route=\/wp\/v2\/posts\/58414\/revisions"}],"predecessor-version":[{"id":58416,"href":"https:\/\/encuentroinformativo.com.mx\/index.php?rest_route=\/wp\/v2\/posts\/58414\/revisions\/58416"}],"wp:featuredmedia":[{"embeddable":true,"href":"https:\/\/encuentroinformativo.com.mx\/index.php?rest_route=\/wp\/v2\/media\/58415"}],"wp:attachment":[{"href":"https:\/\/encuentroinformativo.com.mx\/index.php?rest_route=%2Fwp%2Fv2%2Fmedia&parent=58414"}],"wp:term":[{"taxonomy":"category","embeddable":true,"href":"https:\/\/encuentroinformativo.com.mx\/index.php?rest_route=%2Fwp%2Fv2%2Fcategories&post=58414"},{"taxonomy":"post_tag","embeddable":true,"href":"https:\/\/encuentroinformativo.com.mx\/index.php?rest_route=%2Fwp%2Fv2%2Ftags&post=58414"}],"curies":[{"name":"wp","href":"https:\/\/api.w.org\/{rel}","templated":true}]}}