{"id":58417,"date":"2024-09-10T14:11:46","date_gmt":"2024-09-10T20:11:46","guid":{"rendered":"https:\/\/encuentroinformativo.com.mx\/?p=58417"},"modified":"2024-09-10T14:11:50","modified_gmt":"2024-09-10T20:11:50","slug":"trabajadores-del-poder-judicial-en-veracruz-piden-aumento-salarial-del-10","status":"publish","type":"post","link":"https:\/\/encuentroinformativo.com.mx\/?p=58417","title":{"rendered":"Trabajadores del Poder Judicial en Veracruz piden aumento salarial del 10%"},"content":{"rendered":"\n<p><strong>Dar\u00edo Pale <\/strong><\/p>\n\n\n\n<p>Xalapa, Ver.- Emplazamiento a huelga del Sindicato del Poder Judicial del Estado (PJE) vence 14 de noviembre a las 06:00 horas, exigen 10 por ciento de incremento salarial, as\u00ed lo dio a conocer la secretaria general del Sindicato de Trabajadores del Poder Judicial del Estado de Veracruz, Mar\u00eda del Roc\u00edo Tinajero Osorio.<\/p>\n\n\n\n<p>En entrevista, luego de rendir guardia de honor al monumento de Miguel Hidalgo, coment\u00f3 que est\u00e1n en pl\u00e1ticas y hay un buen ambiente de trabajo, por lo que no descart\u00f3 que se les otorguen las prestaciones exigidas.<\/p>\n\n\n\n<p>La l\u00edder sindical indic\u00f3 que est\u00e1n exigiendo un incremento salarial superior al 10 por ciento, que por supuesto ser\u00e1 negociable.<\/p>\n\n\n\n<p>&#8220;Hay cosas que por cuestiones de presupuesto no las hay, pero estamos trabajando en todo eso&#8221;, resalt\u00f3.<\/p>\n\n\n\n<p>Record\u00f3 que toda la base trabajadora es de m\u00e1s de 2 mil 600 empleados y detall\u00f3 que sindicalizados son alrededor de 950 trabajadores.<\/p>\n\n\n\n<p>Finalmente expres\u00f3 que no pod\u00eda dar m\u00e1s detalles de las negociaciones para no entorpecerlas.<\/p>\n","protected":false},"excerpt":{"rendered":"<p>Dar\u00edo Pale Xalapa, Ver.- Emplazamiento a huelga del Sindicato del Poder Judicial del Estado (PJE) vence 14 de noviembre a las 06:00 horas, exigen 10 por ciento de incremento salarial, as\u00ed lo dio a conocer la secretaria general del Sindicato de Trabajadores del Poder Judicial del Estado de Veracruz, Mar\u00eda del Roc\u00edo Tinajero Osorio. En [&hellip;]<\/p>\n","protected":false},"author":2476,"featured_media":58418,"comment_status":"open","ping_status":"open","sticky":false,"template":"","format":"standard","meta":{"_jetpack_memberships_contains_paid_content":false,"footnotes":""},"categories":[2],"tags":[],"class_list":["post-58417","post","type-post","status-publish","format-standard","has-post-thumbnail","hentry","category-estado"],"jetpack_featured_media_url":"https:\/\/encuentroinformativo.com.mx\/wp-content\/uploads\/2024\/09\/IMG-20240910-WA0076.jpg","jetpack_sharing_enabled":true,"jetpack_likes_enabled":true,"amp_enabled":true,"_links":{"self":[{"href":"https:\/\/encuentroinformativo.com.mx\/index.php?rest_route=\/wp\/v2\/posts\/58417","targetHints":{"allow":["GET"]}}],"collection":[{"href":"https:\/\/encuentroinformativo.com.mx\/index.php?rest_route=\/wp\/v2\/posts"}],"about":[{"href":"https:\/\/encuentroinformativo.com.mx\/index.php?rest_route=\/wp\/v2\/types\/post"}],"author":[{"embeddable":true,"href":"https:\/\/encuentroinformativo.com.mx\/index.php?rest_route=\/wp\/v2\/users\/2476"}],"replies":[{"embeddable":true,"href":"https:\/\/encuentroinformativo.com.mx\/index.php?rest_route=%2Fwp%2Fv2%2Fcomments&post=58417"}],"version-history":[{"count":1,"href":"https:\/\/encuentroinformativo.com.mx\/index.php?rest_route=\/wp\/v2\/posts\/58417\/revisions"}],"predecessor-version":[{"id":58419,"href":"https:\/\/encuentroinformativo.com.mx\/index.php?rest_route=\/wp\/v2\/posts\/58417\/revisions\/58419"}],"wp:featuredmedia":[{"embeddable":true,"href":"https:\/\/encuentroinformativo.com.mx\/index.php?rest_route=\/wp\/v2\/media\/58418"}],"wp:attachment":[{"href":"https:\/\/encuentroinformativo.com.mx\/index.php?rest_route=%2Fwp%2Fv2%2Fmedia&parent=58417"}],"wp:term":[{"taxonomy":"category","embeddable":true,"href":"https:\/\/encuentroinformativo.com.mx\/index.php?rest_route=%2Fwp%2Fv2%2Fcategories&post=58417"},{"taxonomy":"post_tag","embeddable":true,"href":"https:\/\/encuentroinformativo.com.mx\/index.php?rest_route=%2Fwp%2Fv2%2Ftags&post=58417"}],"curies":[{"name":"wp","href":"https:\/\/api.w.org\/{rel}","templated":true}]}}